{"id":13479,"date":"2018-01-04T13:56:57","date_gmt":"2018-01-04T16:56:57","guid":{"rendered":"http:\/\/www.rincondelbulla.cl\/portal\/?p=13479"},"modified":"2018-01-04T13:58:33","modified_gmt":"2018-01-04T16:58:33","slug":"schultz-me-vengo-a-entregar-dia-a-dia-y-tener-un-buen-ano","status":"publish","type":"post","link":"https:\/\/www.rincondelbulla.cl\/portal\/2018\/01\/04\/schultz-me-vengo-a-entregar-dia-a-dia-y-tener-un-buen-ano\/","title":{"rendered":"Schultz: \u00abMe vengo a entregar d\u00eda a d\u00eda y tener un buen a\u00f1o\u00bb"},"content":{"rendered":"<p><img loading=\"lazy\" decoding=\"async\" class=\"alignleft size-full wp-image-13480\" src=\"http:\/\/www.rincondelbulla.cl\/portal\/wp-content\/uploads\/2018\/01\/Franz-Schultz-CDA-Enero-2018.jpg\" alt=\"\" width=\"1049\" height=\"700\" srcset=\"https:\/\/www.rincondelbulla.cl\/portal\/wp-content\/uploads\/2018\/01\/Franz-Schultz-CDA-Enero-2018.jpg 1049w, https:\/\/www.rincondelbulla.cl\/portal\/wp-content\/uploads\/2018\/01\/Franz-Schultz-CDA-Enero-2018-300x200.jpg 300w, https:\/\/www.rincondelbulla.cl\/portal\/wp-content\/uploads\/2018\/01\/Franz-Schultz-CDA-Enero-2018-768x512.jpg 768w, https:\/\/www.rincondelbulla.cl\/portal\/wp-content\/uploads\/2018\/01\/Franz-Schultz-CDA-Enero-2018-696x464.jpg 696w, https:\/\/www.rincondelbulla.cl\/portal\/wp-content\/uploads\/2018\/01\/Franz-Schultz-CDA-Enero-2018-629x420.jpg 629w\" sizes=\"auto, (max-width: 1049px) 100vw, 1049px\" \/><\/p>\n<p><strong>Franz Schultz volvi\u00f3 al CDA y asegur\u00f3 que luchar\u00e1 a fondo para ganarse una camiseta de titular en Universidad de Chile.<\/strong><\/p>\n<p>Franz regres\u00f3 luego de cumplir un semestre a pr\u00e9stamo en O&#8217;Higgins de Rancagua. \u00abEstoy feliz de vestir nuevamente la camiseta de la \u2018U\u2019. Tenemos un bonito desaf\u00edo este semestre, Copa Libertadores, Copa Chile y torneo de por medio, y hay que asumirlo. A cualquiera le gustar\u00eda tener la opci\u00f3n de participar en esto con la camiseta de la \u2018U\u2019\u00bb, expres\u00f3 en rueda de prensa.<\/p>\n<p>\u201cTodos quieren encontrar la regularidad, jugar la mayor cantidad de partidos posibles (\u2026) Vengo a aportar mi granito de arena. Me vengo a entregar d\u00eda a d\u00eda y tener un buen a\u00f1o para la \u2018U\u2019\u201d, agreg\u00f3.<\/p>\n<p>En cuanto a su salida de los azules de cara al Transici\u00f3n dijo que \u201cno es que haya llegado con la camiseta puesta a O\u2019Higgins. Me fui (de la U) porque llegaron refuerzos, ahora se abre una chance para quedarme y la voy a aprovechar a full. Esta es mi oportunidad para demostrar que puedo ser una variante como lateral derecho, aunque puedo jugar donde sea\u201d.<\/p>\n<p>Consultado, en tanto, por la falta de refuerzos a poco m\u00e1s de un mes del debut en la Copa Libertadores, el lateral de 26 a\u00f1os se\u00f1al\u00f3 que \u201ceso es un tema netamente dirigencial. Nosotros estamos enfocados en llegar en febrero preparados para la Libertadores, donde tenemos que dejar bien puesto el nombre de Chile. Tenemos un buen equipo para pasar la primera ronda\u201d.<\/p>\n<p>Respecto a la eventual partida de Jean Beausejour a Independiente de Avellaneda, Schultz declar\u00f3 que \u201ctuve la suerte de concentrar con \u2018Bose\u2019 y la calidad humana no s\u00e9 si la encontraremos en otro jugador. Si se va le deseamos la mejor de las suertes, darle todo el apoyo (\u2026) No he tenido tiempo de hablar con el de eso y tampoco le pregunto. La decisi\u00f3n que quiera tomar la apoyaremos\u201d.<\/p>\n<p>Por otro lado, el \u2018coreano\u2019 destac\u00f3 la realizaci\u00f3n de un torneo largo para el 2018. \u201cComparto este campeonato, ya que el que saldr\u00e1 campe\u00f3n ser\u00e1 el m\u00e1s regular. Con un torneo corto era m\u00e1s irregular, ya que uno se pon\u00eda las pilas en las \u00faltimas fechas y pod\u00edas luchar por el t\u00edtulo\u201d, dijo.<\/p>\n<p>Finalmente respecto a la pretemporada que se vivir\u00e1 en La Serena, donde hasta ahora no ser\u00eda con partidos amistosos, indic\u00f3 que:\u00a0\u00abEs netamente decisi\u00f3n del t\u00e9cnico. Si el dice que tenemos que jugar partidos amistosos, lo haremos.\u00a0La idea es llegar de la mejor forma\u00bb.<\/p>\n<p>\u00abSi \u00e9l (Hoyos) cree que llegaremos bien sin jugar as\u00ed va a ser y creeremos en \u00e9l. Capaz que lleguemos mejor que si jugamos amistosos. La idea es trabajar a full en la pretemporada, porque es la bencina para el resto del a\u00f1o\u00bb, cerr\u00f3.<\/p>\n","protected":false},"excerpt":{"rendered":"<p>Franz Schultz volvi\u00f3 al CDA y asegur\u00f3 que luchar\u00e1 a fondo para ganarse una camiseta de titular en Universidad de Chile. Franz regres\u00f3 luego de cumplir un semestre a pr\u00e9stamo en O&#8217;Higgins de Rancagua. \u00abEstoy feliz de vestir nuevamente la camiseta de la \u2018U\u2019. Tenemos un bonito desaf\u00edo este semestre, Copa Libertadores, Copa Chile y [&#8230;]<\/p>\n","protected":false},"author":21395,"featured_media":13480,"comment_status":"closed","ping_status":"open","sticky":false,"template":"","format":"standard","meta":{"footnotes":""},"categories":[18],"tags":[454,1116,746,404,156],"class_list":{"0":"post-13479","1":"post","2":"type-post","3":"status-publish","4":"format-standard","5":"has-post-thumbnail","7":"category-actualidad","8":"tag-actualidad","9":"tag-cuadro-magico","10":"tag-franz-schultz","11":"tag-pretemporada","12":"tag-universidad-de-chile"},"_links":{"self":[{"href":"https:\/\/www.rincondelbulla.cl\/portal\/wp-json\/wp\/v2\/posts\/13479","targetHints":{"allow":["GET"]}}],"collection":[{"href":"https:\/\/www.rincondelbulla.cl\/portal\/wp-json\/wp\/v2\/posts"}],"about":[{"href":"https:\/\/www.rincondelbulla.cl\/portal\/wp-json\/wp\/v2\/types\/post"}],"author":[{"embeddable":true,"href":"https:\/\/www.rincondelbulla.cl\/portal\/wp-json\/wp\/v2\/users\/21395"}],"replies":[{"embeddable":true,"href":"https:\/\/www.rincondelbulla.cl\/portal\/wp-json\/wp\/v2\/comments?post=13479"}],"version-history":[{"count":3,"href":"https:\/\/www.rincondelbulla.cl\/portal\/wp-json\/wp\/v2\/posts\/13479\/revisions"}],"predecessor-version":[{"id":13483,"href":"https:\/\/www.rincondelbulla.cl\/portal\/wp-json\/wp\/v2\/posts\/13479\/revisions\/13483"}],"wp:featuredmedia":[{"embeddable":true,"href":"https:\/\/www.rincondelbulla.cl\/portal\/wp-json\/wp\/v2\/media\/13480"}],"wp:attachment":[{"href":"https:\/\/www.rincondelbulla.cl\/portal\/wp-json\/wp\/v2\/media?parent=13479"}],"wp:term":[{"taxonomy":"category","embeddable":true,"href":"https:\/\/www.rincondelbulla.cl\/portal\/wp-json\/wp\/v2\/categories?post=13479"},{"taxonomy":"post_tag","embeddable":true,"href":"https:\/\/www.rincondelbulla.cl\/portal\/wp-json\/wp\/v2\/tags?post=13479"}],"curies":[{"name":"wp","href":"https:\/\/api.w.org\/{rel}","templated":true}]}}