{"id":13549,"date":"2018-01-12T10:27:33","date_gmt":"2018-01-12T13:27:33","guid":{"rendered":"http:\/\/www.rincondelbulla.cl\/portal\/?p=13549"},"modified":"2018-01-12T10:29:48","modified_gmt":"2018-01-12T13:29:48","slug":"suman-los-refuerzos","status":"publish","type":"post","link":"https:\/\/www.rincondelbulla.cl\/portal\/2018\/01\/12\/suman-los-refuerzos\/","title":{"rendered":"\u00bfSuman los refuerzos?"},"content":{"rendered":"<p><img loading=\"lazy\" decoding=\"async\" class=\"aligncenter size-full wp-image-13550\" src=\"http:\/\/www.rincondelbulla.cl\/portal\/wp-content\/uploads\/2018\/01\/Entrenamiento.jpg\" alt=\"\" width=\"900\" height=\"600\" srcset=\"https:\/\/www.rincondelbulla.cl\/portal\/wp-content\/uploads\/2018\/01\/Entrenamiento.jpg 900w, https:\/\/www.rincondelbulla.cl\/portal\/wp-content\/uploads\/2018\/01\/Entrenamiento-300x200.jpg 300w, https:\/\/www.rincondelbulla.cl\/portal\/wp-content\/uploads\/2018\/01\/Entrenamiento-768x512.jpg 768w, https:\/\/www.rincondelbulla.cl\/portal\/wp-content\/uploads\/2018\/01\/Entrenamiento-696x464.jpg 696w, https:\/\/www.rincondelbulla.cl\/portal\/wp-content\/uploads\/2018\/01\/Entrenamiento-630x420.jpg 630w\" sizes=\"auto, (max-width: 900px) 100vw, 900px\" \/><\/p>\n<p><strong>Ya es un hecho de que la U ha dado el golpe en el mercado de fichajes con la llegada de Solteldo, pero \u00bfSuman los refuerzos?<\/strong><\/p>\n<p>Ha pasado casi una semana desde que la U comenz\u00f3 su pretemporada de manera oficial, el martes fueron presentados Araos y Saavedra. Hoy ser\u00e1 presentado Soteldo.<\/p>\n<p>los hinchas azules han estado ansiosos por la llegada de refuerzos a la U, pero ahora la duda que cabe es que si con lo que ha llegado nos sirve para todos los objetivos que tiene la U.<\/p>\n<p>Hay que recordar que tambi\u00e9n retornaron de sus pr\u00e9stamos jugadores como Schultz y Carmona, el tema es lo duro que es Guillermo Hoyos a la hora de parar un equipo en cancha.<\/p>\n<p>Lo m\u00e1s probable es que cuanto parta el torneo o juguemos un amistoso, si es que lo jugamos veamos lo mismo de siempre: Herrera, Rodriguez, Jara, Vilches, Beausejour; Caroca, Reyes, Lorenzetti, Zacar\u00eda; Pinilla y Arancibia, por mencionar.<\/p>\n<p>Obviamente en ese dibujo cabe un jugador como Soteldo, pero \u00bfAraos y Saavedra?, \u00bfQu\u00e9 pas\u00f3 con el central que necesitamos?<\/p>\n<p>Por otro lado, ya que seguimos hablando de fichajes, Montillo firm\u00f3 con Tigres de Argentina, vamos a ver si es que funciona all\u00e1 y lo m\u00e1s probable es que luego nos \u00abgolpeemos con una piedra en el pecho\u00bb por perder un jugador que queremos mucho los azules.<\/p>\n<p>Pinares o Valenzuela, \u00bfSon necesarios para el esquema de la U?<\/p>\n<p>En fin, as\u00ed estamos casi terminando la pretemporada en La Serena y seguimos con m\u00e1s dudas que certezas, pero como dijo Ronald Fuentes, tenemos hasta la cuarta fecha.<\/p>\n","protected":false},"excerpt":{"rendered":"<p>Ya es un hecho de que la U ha dado el golpe en el mercado de fichajes con la llegada de Solteldo, pero \u00bfSuman los refuerzos? Ha pasado casi una semana desde que la U comenz\u00f3 su pretemporada de manera oficial, el martes fueron presentados Araos y Saavedra. Hoy ser\u00e1 presentado Soteldo. los hinchas azules [&#8230;]<\/p>\n","protected":false},"author":21396,"featured_media":13550,"comment_status":"closed","ping_status":"open","sticky":false,"template":"","format":"standard","meta":{"footnotes":""},"categories":[18],"tags":[454,1329,1116,416,1328,746,235,156,1341],"class_list":{"0":"post-13549","1":"post","2":"type-post","3":"status-publish","4":"format-standard","5":"has-post-thumbnail","7":"category-actualidad","8":"tag-actualidad","9":"tag-angelo-araos","10":"tag-cuadro-magico","11":"tag-fabian-carmona","12":"tag-felipe-saavedra","13":"tag-franz-schultz","14":"tag-refuerzos","15":"tag-universidad-de-chile","16":"tag-yeferson-soteldo"},"_links":{"self":[{"href":"https:\/\/www.rincondelbulla.cl\/portal\/wp-json\/wp\/v2\/posts\/13549","targetHints":{"allow":["GET"]}}],"collection":[{"href":"https:\/\/www.rincondelbulla.cl\/portal\/wp-json\/wp\/v2\/posts"}],"about":[{"href":"https:\/\/www.rincondelbulla.cl\/portal\/wp-json\/wp\/v2\/types\/post"}],"author":[{"embeddable":true,"href":"https:\/\/www.rincondelbulla.cl\/portal\/wp-json\/wp\/v2\/users\/21396"}],"replies":[{"embeddable":true,"href":"https:\/\/www.rincondelbulla.cl\/portal\/wp-json\/wp\/v2\/comments?post=13549"}],"version-history":[{"count":2,"href":"https:\/\/www.rincondelbulla.cl\/portal\/wp-json\/wp\/v2\/posts\/13549\/revisions"}],"predecessor-version":[{"id":13552,"href":"https:\/\/www.rincondelbulla.cl\/portal\/wp-json\/wp\/v2\/posts\/13549\/revisions\/13552"}],"wp:featuredmedia":[{"embeddable":true,"href":"https:\/\/www.rincondelbulla.cl\/portal\/wp-json\/wp\/v2\/media\/13550"}],"wp:attachment":[{"href":"https:\/\/www.rincondelbulla.cl\/portal\/wp-json\/wp\/v2\/media?parent=13549"}],"wp:term":[{"taxonomy":"category","embeddable":true,"href":"https:\/\/www.rincondelbulla.cl\/portal\/wp-json\/wp\/v2\/categories?post=13549"},{"taxonomy":"post_tag","embeddable":true,"href":"https:\/\/www.rincondelbulla.cl\/portal\/wp-json\/wp\/v2\/tags?post=13549"}],"curies":[{"name":"wp","href":"https:\/\/api.w.org\/{rel}","templated":true}]}}