{"id":13553,"date":"2018-01-12T10:40:28","date_gmt":"2018-01-12T13:40:28","guid":{"rendered":"http:\/\/www.rincondelbulla.cl\/portal\/?p=13553"},"modified":"2018-01-12T11:18:04","modified_gmt":"2018-01-12T14:18:04","slug":"heller-esta-feliz-con-la-llegada-de-soteldo","status":"publish","type":"post","link":"https:\/\/www.rincondelbulla.cl\/portal\/2018\/01\/12\/heller-esta-feliz-con-la-llegada-de-soteldo\/","title":{"rendered":"Heller est\u00e1 feliz con la llegada de Soteldo"},"content":{"rendered":"<p><img loading=\"lazy\" decoding=\"async\" class=\"aligncenter size-full wp-image-13554\" src=\"http:\/\/www.rincondelbulla.cl\/portal\/wp-content\/uploads\/2018\/01\/Carlos-Heller-La-Serena.jpg\" alt=\"\" width=\"900\" height=\"600\" srcset=\"https:\/\/www.rincondelbulla.cl\/portal\/wp-content\/uploads\/2018\/01\/Carlos-Heller-La-Serena.jpg 900w, https:\/\/www.rincondelbulla.cl\/portal\/wp-content\/uploads\/2018\/01\/Carlos-Heller-La-Serena-300x200.jpg 300w, https:\/\/www.rincondelbulla.cl\/portal\/wp-content\/uploads\/2018\/01\/Carlos-Heller-La-Serena-768x512.jpg 768w, https:\/\/www.rincondelbulla.cl\/portal\/wp-content\/uploads\/2018\/01\/Carlos-Heller-La-Serena-696x464.jpg 696w, https:\/\/www.rincondelbulla.cl\/portal\/wp-content\/uploads\/2018\/01\/Carlos-Heller-La-Serena-630x420.jpg 630w\" sizes=\"auto, (max-width: 900px) 100vw, 900px\" \/><\/p>\n<p><strong>El presidente de Azul Azul lleg\u00f3 hasta La Serena con la nueva joya de la U que ser\u00e1 presentada esta jornada.<\/strong><\/p>\n<p>A su llegada a la tierra papayera, el timonel bullanguero dijo que:\u00a0\u00abcumplimos nuestra palabra y trajimos a un jugador de categor\u00eda a la U y ahora vamos por algo m\u00e1s\u00bb.<\/p>\n<audio class=\"wp-audio-shortcode\" id=\"audio-13553-1\" preload=\"none\" style=\"width: 100%;\" controls=\"controls\"><source type=\"audio\/mpeg\" src=\"http:\/\/www.rincondelbulla.cl\/portal\/wp-content\/uploads\/2018\/01\/UCH-Heller-Sobre-Soteldo-Llegando-a-La-serena.mp3?_=1\" \/><a href=\"http:\/\/www.rincondelbulla.cl\/portal\/wp-content\/uploads\/2018\/01\/UCH-Heller-Sobre-Soteldo-Llegando-a-La-serena.mp3\">http:\/\/www.rincondelbulla.cl\/portal\/wp-content\/uploads\/2018\/01\/UCH-Heller-Sobre-Soteldo-Llegando-a-La-serena.mp3<\/a><\/audio>\n<p>Adem\u00e1s en conversaci\u00f3n con Cooperativa fue un poco m\u00e1s directo:\u00a0\u00abNos fuimos callados y despacio por las piedras. Estamos muy contentos con la llegada de Yeferson\u00bb.<\/p>\n<p>Por su parte el propio Soteldo en un video grabado por la U dijo que: \u00abPrefer\u00ed venir ac\u00e1 por el proyecto que me mostraron. Voy a sudar la camiseta como si fuera mi vida y ahora llevar\u00e9 en la sangre a esta instituci\u00f3n\u00bb.<\/p>\n<p><strong>El jugador ser\u00e1 presentado esta jornada pasado el mediod\u00eda en el Serena Suite.<\/strong><\/p>\n","protected":false},"excerpt":{"rendered":"<p>El presidente de Azul Azul lleg\u00f3 hasta La Serena con la nueva joya de la U que ser\u00e1 presentada esta jornada. A su llegada a la tierra papayera, el timonel bullanguero dijo que:\u00a0\u00abcumplimos nuestra palabra y trajimos a un jugador de categor\u00eda a la U y ahora vamos por algo m\u00e1s\u00bb. Adem\u00e1s en conversaci\u00f3n con [&#8230;]<\/p>\n","protected":false},"author":21398,"featured_media":13554,"comment_status":"closed","ping_status":"open","sticky":false,"template":"","format":"standard","meta":{"footnotes":""},"categories":[18],"tags":[454,192,1116,235,156,1341],"class_list":{"0":"post-13553","1":"post","2":"type-post","3":"status-publish","4":"format-standard","5":"has-post-thumbnail","7":"category-actualidad","8":"tag-actualidad","9":"tag-carlos-heller","10":"tag-cuadro-magico","11":"tag-refuerzos","12":"tag-universidad-de-chile","13":"tag-yeferson-soteldo"},"_links":{"self":[{"href":"https:\/\/www.rincondelbulla.cl\/portal\/wp-json\/wp\/v2\/posts\/13553","targetHints":{"allow":["GET"]}}],"collection":[{"href":"https:\/\/www.rincondelbulla.cl\/portal\/wp-json\/wp\/v2\/posts"}],"about":[{"href":"https:\/\/www.rincondelbulla.cl\/portal\/wp-json\/wp\/v2\/types\/post"}],"author":[{"embeddable":true,"href":"https:\/\/www.rincondelbulla.cl\/portal\/wp-json\/wp\/v2\/users\/21398"}],"replies":[{"embeddable":true,"href":"https:\/\/www.rincondelbulla.cl\/portal\/wp-json\/wp\/v2\/comments?post=13553"}],"version-history":[{"count":2,"href":"https:\/\/www.rincondelbulla.cl\/portal\/wp-json\/wp\/v2\/posts\/13553\/revisions"}],"predecessor-version":[{"id":13565,"href":"https:\/\/www.rincondelbulla.cl\/portal\/wp-json\/wp\/v2\/posts\/13553\/revisions\/13565"}],"wp:featuredmedia":[{"embeddable":true,"href":"https:\/\/www.rincondelbulla.cl\/portal\/wp-json\/wp\/v2\/media\/13554"}],"wp:attachment":[{"href":"https:\/\/www.rincondelbulla.cl\/portal\/wp-json\/wp\/v2\/media?parent=13553"}],"wp:term":[{"taxonomy":"category","embeddable":true,"href":"https:\/\/www.rincondelbulla.cl\/portal\/wp-json\/wp\/v2\/categories?post=13553"},{"taxonomy":"post_tag","embeddable":true,"href":"https:\/\/www.rincondelbulla.cl\/portal\/wp-json\/wp\/v2\/tags?post=13553"}],"curies":[{"name":"wp","href":"https:\/\/api.w.org\/{rel}","templated":true}]}}