{"id":13557,"date":"2018-01-12T08:49:35","date_gmt":"2018-01-12T11:49:35","guid":{"rendered":"http:\/\/www.rincondelbulla.cl\/portal\/?p=13557"},"modified":"2018-01-12T11:05:46","modified_gmt":"2018-01-12T14:05:46","slug":"como-andan-en-el-karaoke","status":"publish","type":"post","link":"https:\/\/www.rincondelbulla.cl\/portal\/2018\/01\/12\/como-andan-en-el-karaoke\/","title":{"rendered":"\u00bfC\u00f3mo andan en el Karaoke?"},"content":{"rendered":"<p><img loading=\"lazy\" decoding=\"async\" class=\"aligncenter size-full wp-image-13558\" src=\"http:\/\/www.rincondelbulla.cl\/portal\/wp-content\/uploads\/2018\/01\/Karaoke-Equipo.jpg\" alt=\"\" width=\"1159\" height=\"700\" srcset=\"https:\/\/www.rincondelbulla.cl\/portal\/wp-content\/uploads\/2018\/01\/Karaoke-Equipo.jpg 1159w, https:\/\/www.rincondelbulla.cl\/portal\/wp-content\/uploads\/2018\/01\/Karaoke-Equipo-300x181.jpg 300w, https:\/\/www.rincondelbulla.cl\/portal\/wp-content\/uploads\/2018\/01\/Karaoke-Equipo-768x464.jpg 768w, https:\/\/www.rincondelbulla.cl\/portal\/wp-content\/uploads\/2018\/01\/Karaoke-Equipo-696x420.jpg 696w, https:\/\/www.rincondelbulla.cl\/portal\/wp-content\/uploads\/2018\/01\/Karaoke-Equipo-1068x645.jpg 1068w, https:\/\/www.rincondelbulla.cl\/portal\/wp-content\/uploads\/2018\/01\/Karaoke-Equipo-695x420.jpg 695w\" sizes=\"auto, (max-width: 1159px) 100vw, 1159px\" \/><\/p>\n<p><strong>Cuadro m\u00e1gico tuvo una noche distendida para dar la bienvenida a los nuevos refuerzos.<\/strong><\/p>\n<p>Pasadas las 22:30 horas, comenzaron a llegar muchas notificaciones a nuestros celulares, al menos a los que seguimos a los jugadores del equipo m\u00e1gico, pues estos comenzaron a transmitir en vivo un momento distendido de la U.<\/p>\n<p>Estaban reunidos haciendo un karaoke en donde \u00c1ngelo Araos y Felipe Saavedra tuvieron que mostrar sus dotes artisticos, pero no solo ellos, sino que hasta el camar\u00f3grafo de los azules Chris Parra, particip\u00f3 de este momento.<\/p>\n<p>Yeferson Soteldo tambi\u00e9n estuvo presente en el jocoso momento pero no cant\u00f3, ya que debe ser presentado hoy y luego le tocar\u00e1 hacer el respectivo karaoke con sus compa\u00f1eros.<\/p>\n<p>Igual dicen que los del Rinc\u00f3n del Bulla, tienen m\u00e1s ritmo para cantar en sus carretes.<\/p>\n","protected":false},"excerpt":{"rendered":"<p>Cuadro m\u00e1gico tuvo una noche distendida para dar la bienvenida a los nuevos refuerzos. Pasadas las 22:30 horas, comenzaron a llegar muchas notificaciones a nuestros celulares, al menos a los que seguimos a los jugadores del equipo m\u00e1gico, pues estos comenzaron a transmitir en vivo un momento distendido de la U. Estaban reunidos haciendo un [&#8230;]<\/p>\n","protected":false},"author":21396,"featured_media":13558,"comment_status":"closed","ping_status":"open","sticky":false,"template":"","format":"standard","meta":{"footnotes":""},"categories":[18],"tags":[454,1329,1116,1328,1342,156,1341],"class_list":{"0":"post-13557","1":"post","2":"type-post","3":"status-publish","4":"format-standard","5":"has-post-thumbnail","7":"category-actualidad","8":"tag-actualidad","9":"tag-angelo-araos","10":"tag-cuadro-magico","11":"tag-felipe-saavedra","12":"tag-karaoke","13":"tag-universidad-de-chile","14":"tag-yeferson-soteldo"},"_links":{"self":[{"href":"https:\/\/www.rincondelbulla.cl\/portal\/wp-json\/wp\/v2\/posts\/13557","targetHints":{"allow":["GET"]}}],"collection":[{"href":"https:\/\/www.rincondelbulla.cl\/portal\/wp-json\/wp\/v2\/posts"}],"about":[{"href":"https:\/\/www.rincondelbulla.cl\/portal\/wp-json\/wp\/v2\/types\/post"}],"author":[{"embeddable":true,"href":"https:\/\/www.rincondelbulla.cl\/portal\/wp-json\/wp\/v2\/users\/21396"}],"replies":[{"embeddable":true,"href":"https:\/\/www.rincondelbulla.cl\/portal\/wp-json\/wp\/v2\/comments?post=13557"}],"version-history":[{"count":5,"href":"https:\/\/www.rincondelbulla.cl\/portal\/wp-json\/wp\/v2\/posts\/13557\/revisions"}],"predecessor-version":[{"id":13563,"href":"https:\/\/www.rincondelbulla.cl\/portal\/wp-json\/wp\/v2\/posts\/13557\/revisions\/13563"}],"wp:featuredmedia":[{"embeddable":true,"href":"https:\/\/www.rincondelbulla.cl\/portal\/wp-json\/wp\/v2\/media\/13558"}],"wp:attachment":[{"href":"https:\/\/www.rincondelbulla.cl\/portal\/wp-json\/wp\/v2\/media?parent=13557"}],"wp:term":[{"taxonomy":"category","embeddable":true,"href":"https:\/\/www.rincondelbulla.cl\/portal\/wp-json\/wp\/v2\/categories?post=13557"},{"taxonomy":"post_tag","embeddable":true,"href":"https:\/\/www.rincondelbulla.cl\/portal\/wp-json\/wp\/v2\/tags?post=13557"}],"curies":[{"name":"wp","href":"https:\/\/api.w.org\/{rel}","templated":true}]}}