{"id":13566,"date":"2018-01-12T13:47:29","date_gmt":"2018-01-12T16:47:29","guid":{"rendered":"http:\/\/www.rincondelbulla.cl\/portal\/?p=13566"},"modified":"2018-01-12T13:47:29","modified_gmt":"2018-01-12T16:47:29","slug":"soteldo-el-nuevo-10-de-la-u","status":"publish","type":"post","link":"https:\/\/www.rincondelbulla.cl\/portal\/2018\/01\/12\/soteldo-el-nuevo-10-de-la-u\/","title":{"rendered":"Soteldo, el nuevo 10 de la U"},"content":{"rendered":"<p><img loading=\"lazy\" decoding=\"async\" class=\"alignleft size-full wp-image-13567\" src=\"http:\/\/www.rincondelbulla.cl\/portal\/wp-content\/uploads\/2018\/01\/Presentaci\u00f3n-Soteldo.jpg\" alt=\"\" width=\"1273\" height=\"738\" srcset=\"https:\/\/www.rincondelbulla.cl\/portal\/wp-content\/uploads\/2018\/01\/Presentaci\u00f3n-Soteldo.jpg 1273w, https:\/\/www.rincondelbulla.cl\/portal\/wp-content\/uploads\/2018\/01\/Presentaci\u00f3n-Soteldo-300x174.jpg 300w, https:\/\/www.rincondelbulla.cl\/portal\/wp-content\/uploads\/2018\/01\/Presentaci\u00f3n-Soteldo-768x445.jpg 768w, https:\/\/www.rincondelbulla.cl\/portal\/wp-content\/uploads\/2018\/01\/Presentaci\u00f3n-Soteldo-1200x696.jpg 1200w, https:\/\/www.rincondelbulla.cl\/portal\/wp-content\/uploads\/2018\/01\/Presentaci\u00f3n-Soteldo-696x403.jpg 696w, https:\/\/www.rincondelbulla.cl\/portal\/wp-content\/uploads\/2018\/01\/Presentaci\u00f3n-Soteldo-1068x619.jpg 1068w, https:\/\/www.rincondelbulla.cl\/portal\/wp-content\/uploads\/2018\/01\/Presentaci\u00f3n-Soteldo-724x420.jpg 724w\" sizes=\"auto, (max-width: 1273px) 100vw, 1273px\" \/><\/p>\n<p><strong>Esta jornada fue presentado Yeferson Soteldo en el Cuadro m\u00e1gico, el fichaje m\u00e1s esperado de la temporada.<\/strong><\/p>\n<p>\u00abDe ni\u00f1o ve\u00eda al equipo y uno se ilusiona con jugar aqu\u00ed. Ahora que estoy ac\u00e1 es un orgullo. Estoy muy contento.\u00a0Es un club donde te tratan muy bien, ya me lo han demostrado\u00bb, declar\u00f3 el apodado Pablo M\u00e1rmol azul.<\/p>\n<p>Respecto al n\u00famero de su camiseta \u00abYo ped\u00ed la 10 porque me gustan las responsabilidades grandes,\u00a0pregunt\u00e9 si estaba disponible la 10, me dijeron que s\u00ed la directiva quiso d\u00e1rmela, para m\u00ed es un sue\u00f1o y tratar\u00e9 de dar lo mejor de mi\u201d.<\/p>\n<p>Sobre la posici\u00f3n en la que a \u00e9l le gustar\u00eda jugar, agrego que \u00abA m\u00ed me gustar\u00eda jugar de delantero si juega con tres arriba, tengo que esperar c\u00f3mo es el esquema de \u00e9l. Pero tambi\u00e9n me jugar por la banda. \u00c9l ver\u00e1 d\u00f3nde me pone, \u00e9l es el que manda\u00bb.<\/p>\n<p>Finalente sobre los objetivos con la U dijo \u00abLo primero es hacer una buena pretemporada. Como lo dije, hay que hacer un buen torneo y la Copa libertadores ni se diga, es una competici\u00f3n importante, ahora puedo decir que la puedo pelear\u00bb.<\/p>\n","protected":false},"excerpt":{"rendered":"<p>Esta jornada fue presentado Yeferson Soteldo en el Cuadro m\u00e1gico, el fichaje m\u00e1s esperado de la temporada. \u00abDe ni\u00f1o ve\u00eda al equipo y uno se ilusiona con jugar aqu\u00ed. Ahora que estoy ac\u00e1 es un orgullo. Estoy muy contento.\u00a0Es un club donde te tratan muy bien, ya me lo han demostrado\u00bb, declar\u00f3 el apodado Pablo [&#8230;]<\/p>\n","protected":false},"author":21395,"featured_media":13568,"comment_status":"closed","ping_status":"open","sticky":false,"template":"","format":"standard","meta":{"footnotes":""},"categories":[18],"tags":[454,1116,1343,156,1341],"class_list":{"0":"post-13566","1":"post","2":"type-post","3":"status-publish","4":"format-standard","5":"has-post-thumbnail","7":"category-actualidad","8":"tag-actualidad","9":"tag-cuadro-magico","10":"tag-refuero","11":"tag-universidad-de-chile","12":"tag-yeferson-soteldo"},"_links":{"self":[{"href":"https:\/\/www.rincondelbulla.cl\/portal\/wp-json\/wp\/v2\/posts\/13566","targetHints":{"allow":["GET"]}}],"collection":[{"href":"https:\/\/www.rincondelbulla.cl\/portal\/wp-json\/wp\/v2\/posts"}],"about":[{"href":"https:\/\/www.rincondelbulla.cl\/portal\/wp-json\/wp\/v2\/types\/post"}],"author":[{"embeddable":true,"href":"https:\/\/www.rincondelbulla.cl\/portal\/wp-json\/wp\/v2\/users\/21395"}],"replies":[{"embeddable":true,"href":"https:\/\/www.rincondelbulla.cl\/portal\/wp-json\/wp\/v2\/comments?post=13566"}],"version-history":[{"count":1,"href":"https:\/\/www.rincondelbulla.cl\/portal\/wp-json\/wp\/v2\/posts\/13566\/revisions"}],"predecessor-version":[{"id":13569,"href":"https:\/\/www.rincondelbulla.cl\/portal\/wp-json\/wp\/v2\/posts\/13566\/revisions\/13569"}],"wp:featuredmedia":[{"embeddable":true,"href":"https:\/\/www.rincondelbulla.cl\/portal\/wp-json\/wp\/v2\/media\/13568"}],"wp:attachment":[{"href":"https:\/\/www.rincondelbulla.cl\/portal\/wp-json\/wp\/v2\/media?parent=13566"}],"wp:term":[{"taxonomy":"category","embeddable":true,"href":"https:\/\/www.rincondelbulla.cl\/portal\/wp-json\/wp\/v2\/categories?post=13566"},{"taxonomy":"post_tag","embeddable":true,"href":"https:\/\/www.rincondelbulla.cl\/portal\/wp-json\/wp\/v2\/tags?post=13566"}],"curies":[{"name":"wp","href":"https:\/\/api.w.org\/{rel}","templated":true}]}}