{"id":13572,"date":"2018-01-13T11:47:47","date_gmt":"2018-01-13T14:47:47","guid":{"rendered":"http:\/\/www.rincondelbulla.cl\/portal\/?p=13572"},"modified":"2018-01-13T11:47:47","modified_gmt":"2018-01-13T14:47:47","slug":"hoyos-estoy-contento-por-la-llegada-de-gente-joven","status":"publish","type":"post","link":"https:\/\/www.rincondelbulla.cl\/portal\/2018\/01\/13\/hoyos-estoy-contento-por-la-llegada-de-gente-joven\/","title":{"rendered":"Hoyos: \u00abEstoy contento por la llegada de gente joven\u00bb"},"content":{"rendered":"<p><img loading=\"lazy\" decoding=\"async\" class=\"alignleft size-full wp-image-13573\" src=\"http:\/\/www.rincondelbulla.cl\/portal\/wp-content\/uploads\/2018\/01\/Hoyos-pretemporada.jpg\" alt=\"\" width=\"1200\" height=\"735\" srcset=\"https:\/\/www.rincondelbulla.cl\/portal\/wp-content\/uploads\/2018\/01\/Hoyos-pretemporada.jpg 1200w, https:\/\/www.rincondelbulla.cl\/portal\/wp-content\/uploads\/2018\/01\/Hoyos-pretemporada-300x184.jpg 300w, https:\/\/www.rincondelbulla.cl\/portal\/wp-content\/uploads\/2018\/01\/Hoyos-pretemporada-768x470.jpg 768w, https:\/\/www.rincondelbulla.cl\/portal\/wp-content\/uploads\/2018\/01\/Hoyos-pretemporada-696x426.jpg 696w, https:\/\/www.rincondelbulla.cl\/portal\/wp-content\/uploads\/2018\/01\/Hoyos-pretemporada-1068x654.jpg 1068w, https:\/\/www.rincondelbulla.cl\/portal\/wp-content\/uploads\/2018\/01\/Hoyos-pretemporada-686x420.jpg 686w\" sizes=\"auto, (max-width: 1200px) 100vw, 1200px\" \/><\/p>\n<p><strong>En medio de la pretemporada Guillermo Hoyos se dio el tiempo de conversar con algunos medios y hablar del cuadro m\u00e1gico.<\/strong><\/p>\n<p>Ya con tres refuerzos para esta temporada y a falta de que llegue uno m\u00e1s, el estratego de de la U se muestra tranquilo de cara a la nueva temporada que comienza oficialmente el 4 de febrero.<\/p>\n<p>\u00abEstoy contento por la llegada de gente joven, gente que tiene ilusi\u00f3n, que tiene mucha capacidad y calidad para muchos a\u00f1os adelante, que bueno que vengan a sumar, a un grupo que viene trabajando, que viene dando el m\u00e1ximo en la temporada pasada y ha logrado cosas importantes\u00bb.<\/p>\n<p>Respecto a la llegada de Soteldo, dijo en ADN: \u00abVeremos en que posici\u00f3n podemos aprovecharlo al m\u00e1ximo, cuando lo vimos con Huachipato, su rendimiento m\u00e1ximo fue por izquierda. Puede tener diferentes alternativas de caer al medio y a trav\u00e9s de su habilidad desequilibrar, por la banda derecha tambi\u00e9n porque maneja los dos perfiles.\u00a0Veremos donde puede tener el mejor rendimiento y entendimiento con los jugadores que tenemos\u00bb.<\/p>\n<p>Ronald Fuentes sigue con la esperanza de que Pinares llegue a la U, acerca de esto, Hoyos dice que\u00a0\u00abes un jugador muy bueno, est\u00e1 en la misma posici\u00f3n que puede estar Gustavo (Lorenzetti), vendr\u00eda a sumar un jugador importante a un colectivo importante que tenemos\u00bb.<\/p>\n<p>Finalmente, sobre la visita del Santo Padre -El Papa Francisco &#8211; a Chile: \u00ab\u00bfC\u00f3mo no me va a motivar?\u00a0Uno vive con la fe. Personalmente es importante y sobre todo uno lo que pide siempre es paz, salud y crecimiento de todas las personas\u00bb, adem\u00e1s de manifestar su intenci\u00f3n de ir a una de las actividades del sumo pont\u00edfice.<\/p>\n","protected":false},"excerpt":{"rendered":"<p>En medio de la pretemporada Guillermo Hoyos se dio el tiempo de conversar con algunos medios y hablar del cuadro m\u00e1gico. Ya con tres refuerzos para esta temporada y a falta de que llegue uno m\u00e1s, el estratego de de la U se muestra tranquilo de cara a la nueva temporada que comienza oficialmente el [&#8230;]<\/p>\n","protected":false},"author":21395,"featured_media":13573,"comment_status":"closed","ping_status":"open","sticky":false,"template":"","format":"standard","meta":{"footnotes":""},"categories":[18],"tags":[454,1344,1116,1006,1345,156,1341],"class_list":{"0":"post-13572","1":"post","2":"type-post","3":"status-publish","4":"format-standard","5":"has-post-thumbnail","7":"category-actualidad","8":"tag-actualidad","9":"tag-cesar-pinares","10":"tag-cuadro-magico","11":"tag-guillermo-hoyos","12":"tag-papa-francisco","13":"tag-universidad-de-chile","14":"tag-yeferson-soteldo"},"_links":{"self":[{"href":"https:\/\/www.rincondelbulla.cl\/portal\/wp-json\/wp\/v2\/posts\/13572","targetHints":{"allow":["GET"]}}],"collection":[{"href":"https:\/\/www.rincondelbulla.cl\/portal\/wp-json\/wp\/v2\/posts"}],"about":[{"href":"https:\/\/www.rincondelbulla.cl\/portal\/wp-json\/wp\/v2\/types\/post"}],"author":[{"embeddable":true,"href":"https:\/\/www.rincondelbulla.cl\/portal\/wp-json\/wp\/v2\/users\/21395"}],"replies":[{"embeddable":true,"href":"https:\/\/www.rincondelbulla.cl\/portal\/wp-json\/wp\/v2\/comments?post=13572"}],"version-history":[{"count":1,"href":"https:\/\/www.rincondelbulla.cl\/portal\/wp-json\/wp\/v2\/posts\/13572\/revisions"}],"predecessor-version":[{"id":13574,"href":"https:\/\/www.rincondelbulla.cl\/portal\/wp-json\/wp\/v2\/posts\/13572\/revisions\/13574"}],"wp:featuredmedia":[{"embeddable":true,"href":"https:\/\/www.rincondelbulla.cl\/portal\/wp-json\/wp\/v2\/media\/13573"}],"wp:attachment":[{"href":"https:\/\/www.rincondelbulla.cl\/portal\/wp-json\/wp\/v2\/media?parent=13572"}],"wp:term":[{"taxonomy":"category","embeddable":true,"href":"https:\/\/www.rincondelbulla.cl\/portal\/wp-json\/wp\/v2\/categories?post=13572"},{"taxonomy":"post_tag","embeddable":true,"href":"https:\/\/www.rincondelbulla.cl\/portal\/wp-json\/wp\/v2\/tags?post=13572"}],"curies":[{"name":"wp","href":"https:\/\/api.w.org\/{rel}","templated":true}]}}