{"id":13679,"date":"2018-01-26T11:50:48","date_gmt":"2018-01-26T14:50:48","guid":{"rendered":"http:\/\/www.rincondelbulla.cl\/portal\/?p=13679"},"modified":"2018-01-26T12:04:24","modified_gmt":"2018-01-26T15:04:24","slug":"echeverria-si-pinares-decide-ir-a-la-contra-seguro-que-se-va-a-arrepentir","status":"publish","type":"post","link":"https:\/\/www.rincondelbulla.cl\/portal\/2018\/01\/26\/echeverria-si-pinares-decide-ir-a-la-contra-seguro-que-se-va-a-arrepentir\/","title":{"rendered":"Echeverr\u00eda: \u00abSi Pinares decide ir a la contra, seguro que se va a arrepentir\u00bb"},"content":{"rendered":"<p><img loading=\"lazy\" decoding=\"async\" class=\"alignleft size-full wp-image-13057\" src=\"http:\/\/www.rincondelbulla.cl\/portal\/wp-content\/uploads\/2017\/11\/Echeverria-CDA-Noviembre.jpg\" alt=\"\" width=\"1050\" height=\"700\" srcset=\"https:\/\/www.rincondelbulla.cl\/portal\/wp-content\/uploads\/2017\/11\/Echeverria-CDA-Noviembre.jpg 1050w, https:\/\/www.rincondelbulla.cl\/portal\/wp-content\/uploads\/2017\/11\/Echeverria-CDA-Noviembre-300x200.jpg 300w, https:\/\/www.rincondelbulla.cl\/portal\/wp-content\/uploads\/2017\/11\/Echeverria-CDA-Noviembre-768x512.jpg 768w, https:\/\/www.rincondelbulla.cl\/portal\/wp-content\/uploads\/2017\/11\/Echeverria-CDA-Noviembre-696x464.jpg 696w, https:\/\/www.rincondelbulla.cl\/portal\/wp-content\/uploads\/2017\/11\/Echeverria-CDA-Noviembre-630x420.jpg 630w\" sizes=\"auto, (max-width: 1050px) 100vw, 1050px\" \/><\/p>\n<p><strong>El jugador coment\u00f3 de su momento en la U, lo que fue el a\u00f1o pasado y porque se qued\u00f3.<\/strong><\/p>\n<p>No ha sido d\u00edas f\u00e1ciles para Echeverr\u00eda, es un jugador que le a costado ganarse la titularidad, no est\u00e1 jugando en el puesto que todos sabemos que funciona y adem\u00e1s, estos d\u00edas tuvo una lesi\u00f3n.<\/p>\n<p>\u00abEn Serena antes del partido amistoso sent\u00ed una peque\u00f1a molestia en el entrenamiento previo y ah\u00ed deje de entrenar, despu\u00e9s\u00a0 de eso volv\u00ed el lunes al CDA y me integre de forma normal y hay se me produjo el peque\u00f1o pinchazon y desgarro\u00bb, coment\u00f3 \u00abEche\u00bb en el programa La Magia Azul.<\/p>\n<p>A pesar de partir este periodo con esa complicaci\u00f3n, Rodrigo se tiene mucha fe para lo que viene: \u00abeste a\u00f1o voy a terminar jugando yo y voy a pelear para eso\u00bb.<\/p>\n<p>El jugador tuvo la oportunidad incluso de partido del cuadro m\u00e1gico, cuando termin\u00f3 el torneo pasado, por \u00e9l la tiene clarita \u00abTengo 22 a\u00f1os y se que si puedo hacer las cosas bien ac\u00e1 en la \u201cU\u201d, se me van abrir m\u00e1s puertas a\u00fan, la verdad que estoy tranquilo en ese sentido\u201d.<\/p>\n<p>Finalmente, Echeverr\u00eda, coment\u00f3 sobre uno de los refuerzos que estaba esperando la U y que al final tom\u00f3 otra decisi\u00f3n, C\u00e9sar Pinares \u00abLa decisi\u00f3n que tome deber ser la mejor, y la mejor es la U, si toma otra decisi\u00f3n se va a arrepentir, estar en la vereda del frente no creo que sea muy bueno, ac\u00e1 en la U se vive muy distinto, ac\u00e1 siempre se muestra amor a la camiseta\u00bb.<\/p>\n","protected":false},"excerpt":{"rendered":"<p>El jugador coment\u00f3 de su momento en la U, lo que fue el a\u00f1o pasado y porque se qued\u00f3. No ha sido d\u00edas f\u00e1ciles para Echeverr\u00eda, es un jugador que le a costado ganarse la titularidad, no est\u00e1 jugando en el puesto que todos sabemos que funciona y adem\u00e1s, estos d\u00edas tuvo una lesi\u00f3n. \u00abEn [&#8230;]<\/p>\n","protected":false},"author":21395,"featured_media":13680,"comment_status":"closed","ping_status":"open","sticky":false,"template":"","format":"standard","meta":{"footnotes":""},"categories":[1],"tags":[454,1344,1116,404,1184,156],"class_list":{"0":"post-13679","1":"post","2":"type-post","3":"status-publish","4":"format-standard","5":"has-post-thumbnail","7":"category-sin-categoria","8":"tag-actualidad","9":"tag-cesar-pinares","10":"tag-cuadro-magico","11":"tag-pretemporada","12":"tag-rodrigo-echeverria","13":"tag-universidad-de-chile"},"_links":{"self":[{"href":"https:\/\/www.rincondelbulla.cl\/portal\/wp-json\/wp\/v2\/posts\/13679","targetHints":{"allow":["GET"]}}],"collection":[{"href":"https:\/\/www.rincondelbulla.cl\/portal\/wp-json\/wp\/v2\/posts"}],"about":[{"href":"https:\/\/www.rincondelbulla.cl\/portal\/wp-json\/wp\/v2\/types\/post"}],"author":[{"embeddable":true,"href":"https:\/\/www.rincondelbulla.cl\/portal\/wp-json\/wp\/v2\/users\/21395"}],"replies":[{"embeddable":true,"href":"https:\/\/www.rincondelbulla.cl\/portal\/wp-json\/wp\/v2\/comments?post=13679"}],"version-history":[{"count":3,"href":"https:\/\/www.rincondelbulla.cl\/portal\/wp-json\/wp\/v2\/posts\/13679\/revisions"}],"predecessor-version":[{"id":13683,"href":"https:\/\/www.rincondelbulla.cl\/portal\/wp-json\/wp\/v2\/posts\/13679\/revisions\/13683"}],"wp:featuredmedia":[{"embeddable":true,"href":"https:\/\/www.rincondelbulla.cl\/portal\/wp-json\/wp\/v2\/media\/13680"}],"wp:attachment":[{"href":"https:\/\/www.rincondelbulla.cl\/portal\/wp-json\/wp\/v2\/media?parent=13679"}],"wp:term":[{"taxonomy":"category","embeddable":true,"href":"https:\/\/www.rincondelbulla.cl\/portal\/wp-json\/wp\/v2\/categories?post=13679"},{"taxonomy":"post_tag","embeddable":true,"href":"https:\/\/www.rincondelbulla.cl\/portal\/wp-json\/wp\/v2\/tags?post=13679"}],"curies":[{"name":"wp","href":"https:\/\/api.w.org\/{rel}","templated":true}]}}