{"id":13762,"date":"2018-02-02T09:29:17","date_gmt":"2018-02-02T12:29:17","guid":{"rendered":"http:\/\/www.rincondelbulla.cl\/portal\/?p=13762"},"modified":"2018-02-02T09:29:17","modified_gmt":"2018-02-02T12:29:17","slug":"pinilla-envia-condolencias-por-victimas-de-accidente-en-mendoza","status":"publish","type":"post","link":"https:\/\/www.rincondelbulla.cl\/portal\/2018\/02\/02\/pinilla-envia-condolencias-por-victimas-de-accidente-en-mendoza\/","title":{"rendered":"Pinilla env\u00eda condolencias por v\u00edctimas de accidente en Mendoza"},"content":{"rendered":"<figure id=\"attachment_13763\" aria-describedby=\"caption-attachment-13763\" style=\"width: 700px\" class=\"wp-caption alignnone\"><img loading=\"lazy\" decoding=\"async\" class=\" wp-image-13763\" src=\"http:\/\/www.rincondelbulla.cl\/portal\/wp-content\/uploads\/2018\/02\/Bus-Accidente.jpeg\" alt=\"\" width=\"700\" height=\"394\" srcset=\"https:\/\/www.rincondelbulla.cl\/portal\/wp-content\/uploads\/2018\/02\/Bus-Accidente.jpeg 640w, https:\/\/www.rincondelbulla.cl\/portal\/wp-content\/uploads\/2018\/02\/Bus-Accidente-300x169.jpeg 300w\" sizes=\"auto, (max-width: 700px) 100vw, 700px\" \/><figcaption id=\"caption-attachment-13763\" class=\"wp-caption-text\">Foto: Polic\u00eda de Investigaciones<\/figcaption><\/figure>\n<p><strong>Menores pertenecientes a la Escuela de F\u00fatbol de Colo Colo en Quilicura viajaban a Paraguay para disputar un torneo internacional.<\/strong><!--more--><\/p>\n<p>A trav\u00e9s de su cuenta de Twitter, el delantero universitario Mauricio Pinilla envi\u00f3 sus condolencias a los familiares y amigos de los hasta ahora tres menores fallecidos en un accidente de tr\u00e1nsito ocurrido esta madrugada en el sector de Villa Las Cruces en Mendoza, Argentina.<\/p>\n<figure id=\"attachment_13764\" aria-describedby=\"caption-attachment-13764\" style=\"width: 585px\" class=\"wp-caption alignnone\"><img loading=\"lazy\" decoding=\"async\" class=\"size-full wp-image-13764\" src=\"http:\/\/www.rincondelbulla.cl\/portal\/wp-content\/uploads\/2018\/02\/Pinilla.jpg\" alt=\"\" width=\"585\" height=\"344\" srcset=\"https:\/\/www.rincondelbulla.cl\/portal\/wp-content\/uploads\/2018\/02\/Pinilla.jpg 585w, https:\/\/www.rincondelbulla.cl\/portal\/wp-content\/uploads\/2018\/02\/Pinilla-300x176.jpg 300w\" sizes=\"auto, (max-width: 585px) 100vw, 585px\" \/><figcaption id=\"caption-attachment-13764\" class=\"wp-caption-text\">Foto: Twitter @Pinigol51<\/figcaption><\/figure>\n<p>Esta delegaci\u00f3n pertenece a la escala de F\u00fatbol de Colo Colo en Lo Boza, comuna de Quilicura, y se dirig\u00edan hasta Paraguay para participar de un encuentro internacional. Se estima en al menos veinte los lesionados por este fatal accidente.<\/p>\n","protected":false},"excerpt":{"rendered":"<p>Menores pertenecientes a la Escuela de F\u00fatbol de Colo Colo en Quilicura viajaban a Paraguay para disputar un torneo internacional.<\/p>\n","protected":false},"author":21382,"featured_media":13126,"comment_status":"closed","ping_status":"open","sticky":false,"template":"","format":"standard","meta":{"footnotes":""},"categories":[18],"tags":[1258,454,920,502,918,1380,631,543,157,1381,294,156],"class_list":{"0":"post-13762","1":"post","2":"type-post","3":"status-publish","4":"format-standard","5":"has-post-thumbnail","7":"category-actualidad","8":"tag-accidente","9":"tag-actualidad","10":"tag-argentina","11":"tag-colo-colo","12":"tag-escuela-de-futbol","13":"tag-lo-boza","14":"tag-mauricio-pinilla","15":"tag-mendoza","16":"tag-portada","17":"tag-quilicura","18":"tag-u-de-chile","19":"tag-universidad-de-chile"},"_links":{"self":[{"href":"https:\/\/www.rincondelbulla.cl\/portal\/wp-json\/wp\/v2\/posts\/13762","targetHints":{"allow":["GET"]}}],"collection":[{"href":"https:\/\/www.rincondelbulla.cl\/portal\/wp-json\/wp\/v2\/posts"}],"about":[{"href":"https:\/\/www.rincondelbulla.cl\/portal\/wp-json\/wp\/v2\/types\/post"}],"author":[{"embeddable":true,"href":"https:\/\/www.rincondelbulla.cl\/portal\/wp-json\/wp\/v2\/users\/21382"}],"replies":[{"embeddable":true,"href":"https:\/\/www.rincondelbulla.cl\/portal\/wp-json\/wp\/v2\/comments?post=13762"}],"version-history":[{"count":1,"href":"https:\/\/www.rincondelbulla.cl\/portal\/wp-json\/wp\/v2\/posts\/13762\/revisions"}],"predecessor-version":[{"id":13765,"href":"https:\/\/www.rincondelbulla.cl\/portal\/wp-json\/wp\/v2\/posts\/13762\/revisions\/13765"}],"wp:featuredmedia":[{"embeddable":true,"href":"https:\/\/www.rincondelbulla.cl\/portal\/wp-json\/wp\/v2\/media\/13126"}],"wp:attachment":[{"href":"https:\/\/www.rincondelbulla.cl\/portal\/wp-json\/wp\/v2\/media?parent=13762"}],"wp:term":[{"taxonomy":"category","embeddable":true,"href":"https:\/\/www.rincondelbulla.cl\/portal\/wp-json\/wp\/v2\/categories?post=13762"},{"taxonomy":"post_tag","embeddable":true,"href":"https:\/\/www.rincondelbulla.cl\/portal\/wp-json\/wp\/v2\/tags?post=13762"}],"curies":[{"name":"wp","href":"https:\/\/api.w.org\/{rel}","templated":true}]}}