{"id":13835,"date":"2018-02-10T14:31:44","date_gmt":"2018-02-10T17:31:44","guid":{"rendered":"http:\/\/www.rincondelbulla.cl\/portal\/?p=13835"},"modified":"2018-02-10T14:31:44","modified_gmt":"2018-02-10T17:31:44","slug":"previa-cuando-el-bulla-sale-a-la-cancha-ante-iquique-en-calama","status":"publish","type":"post","link":"https:\/\/www.rincondelbulla.cl\/portal\/2018\/02\/10\/previa-cuando-el-bulla-sale-a-la-cancha-ante-iquique-en-calama\/","title":{"rendered":"[Previa] Cuando el Bulla sale a la cancha&#8230; ante Iquique en Calama"},"content":{"rendered":"<p><img loading=\"lazy\" decoding=\"async\" class=\"alignnone size-full wp-image-13321\" src=\"http:\/\/www.rincondelbulla.cl\/portal\/wp-content\/uploads\/2017\/12\/Lorenzetti_Riquero_UdeChile_Iquique_2017_PS.jpg\" alt=\"\" width=\"995\" height=\"700\" srcset=\"https:\/\/www.rincondelbulla.cl\/portal\/wp-content\/uploads\/2017\/12\/Lorenzetti_Riquero_UdeChile_Iquique_2017_PS.jpg 995w, https:\/\/www.rincondelbulla.cl\/portal\/wp-content\/uploads\/2017\/12\/Lorenzetti_Riquero_UdeChile_Iquique_2017_PS-300x211.jpg 300w, https:\/\/www.rincondelbulla.cl\/portal\/wp-content\/uploads\/2017\/12\/Lorenzetti_Riquero_UdeChile_Iquique_2017_PS-768x540.jpg 768w, https:\/\/www.rincondelbulla.cl\/portal\/wp-content\/uploads\/2017\/12\/Lorenzetti_Riquero_UdeChile_Iquique_2017_PS-100x70.jpg 100w, https:\/\/www.rincondelbulla.cl\/portal\/wp-content\/uploads\/2017\/12\/Lorenzetti_Riquero_UdeChile_Iquique_2017_PS-696x490.jpg 696w, https:\/\/www.rincondelbulla.cl\/portal\/wp-content\/uploads\/2017\/12\/Lorenzetti_Riquero_UdeChile_Iquique_2017_PS-597x420.jpg 597w\" sizes=\"auto, (max-width: 995px) 100vw, 995px\" \/><\/p>\n<p><strong>Despu\u00e9s de 2 a\u00f1os, 3 meses y 25 d\u00edas, el Rom\u00e1ntico Viajero vuelve al Estadio Zorros del Desierto de Calama, en su \u00abdebut\u00bb como visitante por el Campeonato Nacional 2018. <\/strong><\/p>\n<p>Ser\u00e1 la primera vez que juegue \u00abpor los puntos\u00bb con un equipo que no sea Cobreloa en la cordillera de la Segunda Regi\u00f3n.<\/p>\n<p>El choque ante los \u201cdragones\u201d ser\u00e1 el 43\u00b0 enfrentamiento entre ambos equipos en partidos por Torneos Nacionales, destac\u00e1ndose partidos en los que ambos elencos ejercieron de local en estadios \u00abpoco ocurrentes\u00bb: mientras los azules tuvieron que visitar una vez a Deportes Iquique en Valpara\u00edso, estos \u00faltimos tuvieron que viajar hasta Talcahuano y Coquimbo para visitar al elenco azul.<\/p>\n<p>Ser\u00e1 un partido clave para las pretensiones del cuadro laico de no perder m\u00e1s terreno del que se perdi\u00f3 el pasado Domingo en Santiago ante la Uni\u00f3n Espa\u00f1ola, ante un cuadro nortino que viene de ganar con claridad en Vi\u00f1a del Mar ante Everton.<\/p>\n<p>Los \u00abrom\u00e1nticos viajeros\u00bb cuentan con una amplia superioridad en partidos ante el cuadro de la ciudad de Iquique: con 16 triunfos, 17 empates y apenas 9 derrotas, adem\u00e1s de sumar 63 goles a favor y 48 en contra.<\/p>\n<p>La oncena titular del equipo de Guillermo Hoyos que cuentan con algunos cambios ser\u00eda: Johnny Herrera; Rodrigo Echeverr\u00eda, Christian Vilches, Gonzalo Jara; Mat\u00edas Rodr\u00edguez, Lorenzo Reyes, Jean Beausejour; Gustavo Lorenzetti, \u00c1ngelo Araos o David Pizarro; Mauricio Pinilla, Yeferson Soteldo.<\/p>\n<p>Se espera que sea un partido muy re\u00f1ido y en el que la hinchada azul ser\u00e1 local en la Segunda Regi\u00f3n, lugar en donde se autorizaron 8.500 entradas por la intendencia de la Regi\u00f3n de Antofagasta.<\/p>\n<p>El \u00e1rbitro del encuentro ser\u00e1 Cristi\u00e1n Andaur y todas las alternativas del duelo a disputarse desde las 18 horas, las podr\u00e1s seguir en <strong>RincondelBulla.cl<\/strong><\/p>\n","protected":false},"excerpt":{"rendered":"<p>Despu\u00e9s de 2 a\u00f1os, 3 meses y 25 d\u00edas, el Rom\u00e1ntico Viajero vuelve al Estadio Zorros del Desierto de Calama, en su \u00abdebut\u00bb como visitante por el Campeonato Nacional 2018. Ser\u00e1 la primera vez que juegue \u00abpor los puntos\u00bb con un equipo que no sea Cobreloa en la cordillera de la Segunda Regi\u00f3n. El choque [&#8230;]<\/p>\n","protected":false},"author":21400,"featured_media":13321,"comment_status":"closed","ping_status":"open","sticky":false,"template":"","format":"standard","meta":{"footnotes":""},"categories":[18],"tags":[454,1382,366,1374,1271],"class_list":{"0":"post-13835","1":"post","2":"type-post","3":"status-publish","4":"format-standard","5":"has-post-thumbnail","7":"category-actualidad","8":"tag-actualidad","9":"tag-estadio-zorros-del-desierto","10":"tag-iquique","11":"tag-torneo-2018","12":"tag-universidad-de-chile-cuadro-magico"},"_links":{"self":[{"href":"https:\/\/www.rincondelbulla.cl\/portal\/wp-json\/wp\/v2\/posts\/13835","targetHints":{"allow":["GET"]}}],"collection":[{"href":"https:\/\/www.rincondelbulla.cl\/portal\/wp-json\/wp\/v2\/posts"}],"about":[{"href":"https:\/\/www.rincondelbulla.cl\/portal\/wp-json\/wp\/v2\/types\/post"}],"author":[{"embeddable":true,"href":"https:\/\/www.rincondelbulla.cl\/portal\/wp-json\/wp\/v2\/users\/21400"}],"replies":[{"embeddable":true,"href":"https:\/\/www.rincondelbulla.cl\/portal\/wp-json\/wp\/v2\/comments?post=13835"}],"version-history":[{"count":1,"href":"https:\/\/www.rincondelbulla.cl\/portal\/wp-json\/wp\/v2\/posts\/13835\/revisions"}],"predecessor-version":[{"id":13836,"href":"https:\/\/www.rincondelbulla.cl\/portal\/wp-json\/wp\/v2\/posts\/13835\/revisions\/13836"}],"wp:featuredmedia":[{"embeddable":true,"href":"https:\/\/www.rincondelbulla.cl\/portal\/wp-json\/wp\/v2\/media\/13321"}],"wp:attachment":[{"href":"https:\/\/www.rincondelbulla.cl\/portal\/wp-json\/wp\/v2\/media?parent=13835"}],"wp:term":[{"taxonomy":"category","embeddable":true,"href":"https:\/\/www.rincondelbulla.cl\/portal\/wp-json\/wp\/v2\/categories?post=13835"},{"taxonomy":"post_tag","embeddable":true,"href":"https:\/\/www.rincondelbulla.cl\/portal\/wp-json\/wp\/v2\/tags?post=13835"}],"curies":[{"name":"wp","href":"https:\/\/api.w.org\/{rel}","templated":true}]}}