{"id":13843,"date":"2018-02-10T14:19:53","date_gmt":"2018-02-10T17:19:53","guid":{"rendered":"http:\/\/www.rincondelbulla.cl\/portal\/?p=13843"},"modified":"2018-02-10T14:19:53","modified_gmt":"2018-02-10T17:19:53","slug":"universidad-de-chile-oficializo-el-arribo-de-rafael-vaz","status":"publish","type":"post","link":"https:\/\/www.rincondelbulla.cl\/portal\/2018\/02\/10\/universidad-de-chile-oficializo-el-arribo-de-rafael-vaz\/","title":{"rendered":"Universidad de Chile oficializ\u00f3 el arribo de Rafael Vaz"},"content":{"rendered":"<p><img loading=\"lazy\" decoding=\"async\" class=\"alignleft size-full wp-image-13844\" src=\"http:\/\/www.rincondelbulla.cl\/portal\/wp-content\/uploads\/2018\/02\/Foto-web-Rafael-Vaz-840x420.jpg\" alt=\"\" width=\"1400\" height=\"700\" srcset=\"https:\/\/www.rincondelbulla.cl\/portal\/wp-content\/uploads\/2018\/02\/Foto-web-Rafael-Vaz-840x420.jpg 1400w, https:\/\/www.rincondelbulla.cl\/portal\/wp-content\/uploads\/2018\/02\/Foto-web-Rafael-Vaz-840x420-300x150.jpg 300w, https:\/\/www.rincondelbulla.cl\/portal\/wp-content\/uploads\/2018\/02\/Foto-web-Rafael-Vaz-840x420-768x384.jpg 768w, https:\/\/www.rincondelbulla.cl\/portal\/wp-content\/uploads\/2018\/02\/Foto-web-Rafael-Vaz-840x420-1200x600.jpg 1200w, https:\/\/www.rincondelbulla.cl\/portal\/wp-content\/uploads\/2018\/02\/Foto-web-Rafael-Vaz-840x420-696x348.jpg 696w, https:\/\/www.rincondelbulla.cl\/portal\/wp-content\/uploads\/2018\/02\/Foto-web-Rafael-Vaz-840x420-1068x534.jpg 1068w, https:\/\/www.rincondelbulla.cl\/portal\/wp-content\/uploads\/2018\/02\/Foto-web-Rafael-Vaz-840x420-840x420.jpg 840w\" sizes=\"auto, (max-width: 1400px) 100vw, 1400px\" \/><\/p>\n<p><strong>Cuadro m\u00e1gico confirm\u00f3 el arribo de un nuevo refuerzo. Se trata del central brasilero Rafael Vaz, quien llega proveniente del Flamengo de Brasil en calidad de pr\u00e9stamo por toda la temporada 2018.\u00a0<\/strong><\/p>\n<p>El central de 29 a\u00f1os llega a reforzar la zaga azul, que ha sido blanco de cr\u00edticas en el \u00faltimo tiempo y, de paso, cumple un deseo del t\u00e9cnico \u00c1ngel Guillermo Hoyos de sumar un hombre de experiencia.<\/p>\n<p>Vaz a lo largo de su carrera ha defendido los colores de Vasco da Gama, Corinthians B, Oeste, Igua\u00e7u, Bahia, CRAC, Votuporanguense, Paran\u00e1, Uni\u00e3o Barbarense y Vila Nova.<\/p>\n<p>Finalmente, se dio a conocer que defensor se integrar\u00e1 en los pr\u00f3ximos d\u00edas ser\u00e1 presentado y se integrar\u00e1 a los trabajos f\u00edsicos y futbol\u00edsticos junto a sus nuevos compa\u00f1eros.<\/p>\n","protected":false},"excerpt":{"rendered":"<p>Cuadro m\u00e1gico confirm\u00f3 el arribo de un nuevo refuerzo. Se trata del central brasilero Rafael Vaz, quien llega proveniente del Flamengo de Brasil en calidad de pr\u00e9stamo por toda la temporada 2018.\u00a0 El central de 29 a\u00f1os llega a reforzar la zaga azul, que ha sido blanco de cr\u00edticas en el \u00faltimo tiempo y, de [&#8230;]<\/p>\n","protected":false},"author":21395,"featured_media":13844,"comment_status":"closed","ping_status":"open","sticky":false,"template":"","format":"standard","meta":{"footnotes":""},"categories":[18],"tags":[454,1116,1385,235,156],"class_list":{"0":"post-13843","1":"post","2":"type-post","3":"status-publish","4":"format-standard","5":"has-post-thumbnail","7":"category-actualidad","8":"tag-actualidad","9":"tag-cuadro-magico","10":"tag-rafael-vaz","11":"tag-refuerzos","12":"tag-universidad-de-chile"},"_links":{"self":[{"href":"https:\/\/www.rincondelbulla.cl\/portal\/wp-json\/wp\/v2\/posts\/13843","targetHints":{"allow":["GET"]}}],"collection":[{"href":"https:\/\/www.rincondelbulla.cl\/portal\/wp-json\/wp\/v2\/posts"}],"about":[{"href":"https:\/\/www.rincondelbulla.cl\/portal\/wp-json\/wp\/v2\/types\/post"}],"author":[{"embeddable":true,"href":"https:\/\/www.rincondelbulla.cl\/portal\/wp-json\/wp\/v2\/users\/21395"}],"replies":[{"embeddable":true,"href":"https:\/\/www.rincondelbulla.cl\/portal\/wp-json\/wp\/v2\/comments?post=13843"}],"version-history":[{"count":1,"href":"https:\/\/www.rincondelbulla.cl\/portal\/wp-json\/wp\/v2\/posts\/13843\/revisions"}],"predecessor-version":[{"id":13845,"href":"https:\/\/www.rincondelbulla.cl\/portal\/wp-json\/wp\/v2\/posts\/13843\/revisions\/13845"}],"wp:featuredmedia":[{"embeddable":true,"href":"https:\/\/www.rincondelbulla.cl\/portal\/wp-json\/wp\/v2\/media\/13844"}],"wp:attachment":[{"href":"https:\/\/www.rincondelbulla.cl\/portal\/wp-json\/wp\/v2\/media?parent=13843"}],"wp:term":[{"taxonomy":"category","embeddable":true,"href":"https:\/\/www.rincondelbulla.cl\/portal\/wp-json\/wp\/v2\/categories?post=13843"},{"taxonomy":"post_tag","embeddable":true,"href":"https:\/\/www.rincondelbulla.cl\/portal\/wp-json\/wp\/v2\/tags?post=13843"}],"curies":[{"name":"wp","href":"https:\/\/api.w.org\/{rel}","templated":true}]}}