{"id":13852,"date":"2018-02-11T11:26:36","date_gmt":"2018-02-11T14:26:36","guid":{"rendered":"http:\/\/www.rincondelbulla.cl\/portal\/?p=13852"},"modified":"2018-02-11T11:29:20","modified_gmt":"2018-02-11T14:29:20","slug":"hoyos-esas-ganas-de-dar-vueltas-las-cosas-son-las-que-uno-valora","status":"publish","type":"post","link":"https:\/\/www.rincondelbulla.cl\/portal\/2018\/02\/11\/hoyos-esas-ganas-de-dar-vueltas-las-cosas-son-las-que-uno-valora\/","title":{"rendered":"Hoyos: \u00abEsas ganas de dar vueltas las cosas son las que uno valora\u00bb"},"content":{"rendered":"<figure id=\"attachment_13853\" aria-describedby=\"caption-attachment-13853\" style=\"width: 1280px\" class=\"wp-caption aligncenter\"><img loading=\"lazy\" decoding=\"async\" class=\"size-full wp-image-13853\" src=\"http:\/\/www.rincondelbulla.cl\/portal\/wp-content\/uploads\/2018\/02\/Hoyos-Conferencia-post-Iquique.jpg\" alt=\"\" width=\"1280\" height=\"853\" srcset=\"https:\/\/www.rincondelbulla.cl\/portal\/wp-content\/uploads\/2018\/02\/Hoyos-Conferencia-post-Iquique.jpg 1280w, https:\/\/www.rincondelbulla.cl\/portal\/wp-content\/uploads\/2018\/02\/Hoyos-Conferencia-post-Iquique-300x200.jpg 300w, https:\/\/www.rincondelbulla.cl\/portal\/wp-content\/uploads\/2018\/02\/Hoyos-Conferencia-post-Iquique-768x512.jpg 768w, https:\/\/www.rincondelbulla.cl\/portal\/wp-content\/uploads\/2018\/02\/Hoyos-Conferencia-post-Iquique-1200x800.jpg 1200w, https:\/\/www.rincondelbulla.cl\/portal\/wp-content\/uploads\/2018\/02\/Hoyos-Conferencia-post-Iquique-696x464.jpg 696w, https:\/\/www.rincondelbulla.cl\/portal\/wp-content\/uploads\/2018\/02\/Hoyos-Conferencia-post-Iquique-1068x712.jpg 1068w, https:\/\/www.rincondelbulla.cl\/portal\/wp-content\/uploads\/2018\/02\/Hoyos-Conferencia-post-Iquique-630x420.jpg 630w\" sizes=\"auto, (max-width: 1280px) 100vw, 1280px\" \/><figcaption id=\"caption-attachment-13853\" class=\"wp-caption-text\">Fotograf\u00eda: Ren\u00e9 S\u00e1ez<\/figcaption><\/figure>\n<p><strong>Guillermo Hoyos, se mostr\u00f3 satisfecho por lo mostrado por sus dirigidos en el triunfo ante Deportes Iquique, donde jugaron todo el segundo tiempo con un hombre menos.\u00a0<\/strong><\/p>\n<p>\u201cMe voy contento por los tres puntos y por todo lo realizado por los chicos. Fue un partido muy dif\u00edcil, se nos cambia despu\u00e9s de la expulsi\u00f3n, tuvimos que modificar situaciones para seguir controlando la defensa y la ofensiva\u201d.<\/p>\n<p>\u201cEsto ha ido de menor a mayor buscando siempre de ir creciendo. Me gust\u00f3 el primer tiempo, con mucho juego y posesi\u00f3n. Tratamos de ejecutar lo que venimos haciendo ante un rival que tuvo un muy buen primer partido con Everton\u00bb, complement\u00f3.<\/p>\n<p>A su vez, sostuvo que la tras expulsi\u00f3n de Rodrigo Echeverria \u201cse nos cambia enormemente el partido. Tuvimos que modificar las posiciones para regular la parte ofensiva y defensiva. La respuesta de los chicos fue extraordinaria y esas ganas de dar vueltas las cosas son las que uno valora\u00bb.<\/p>\n<p>Asimismo, destac\u00f3 y defendi\u00f3 la l\u00ednea de tres en el fondo ocupada en el estadio Zorros del Desierto de Calama. \u00abVeremos las posibilidades ante los rivales, hoy nos pareci\u00f3 la forma ideal para enfrentar situaciones con delanteros potentes y juego a\u00e9reo importante. Me gust\u00f3 mucho la salida del bal\u00f3n, asociarse permanentemente, llegar en conjunto y recuperar r\u00e1pido. Me gustaron muchas cosas, pero hay que seguir soltando y llegar cada vez mejor a una soltura y un buen nivel de juego\u00bb.<\/p>\n","protected":false},"excerpt":{"rendered":"<p>Guillermo Hoyos, se mostr\u00f3 satisfecho por lo mostrado por sus dirigidos en el triunfo ante Deportes Iquique, donde jugaron todo el segundo tiempo con un hombre menos.\u00a0 \u201cMe voy contento por los tres puntos y por todo lo realizado por los chicos. Fue un partido muy dif\u00edcil, se nos cambia despu\u00e9s de la expulsi\u00f3n, tuvimos [&#8230;]<\/p>\n","protected":false},"author":21395,"featured_media":13853,"comment_status":"closed","ping_status":"open","sticky":false,"template":"","format":"standard","meta":{"footnotes":""},"categories":[18],"tags":[454,1116,1006,366,1374,156],"class_list":{"0":"post-13852","1":"post","2":"type-post","3":"status-publish","4":"format-standard","5":"has-post-thumbnail","7":"category-actualidad","8":"tag-actualidad","9":"tag-cuadro-magico","10":"tag-guillermo-hoyos","11":"tag-iquique","12":"tag-torneo-2018","13":"tag-universidad-de-chile"},"_links":{"self":[{"href":"https:\/\/www.rincondelbulla.cl\/portal\/wp-json\/wp\/v2\/posts\/13852","targetHints":{"allow":["GET"]}}],"collection":[{"href":"https:\/\/www.rincondelbulla.cl\/portal\/wp-json\/wp\/v2\/posts"}],"about":[{"href":"https:\/\/www.rincondelbulla.cl\/portal\/wp-json\/wp\/v2\/types\/post"}],"author":[{"embeddable":true,"href":"https:\/\/www.rincondelbulla.cl\/portal\/wp-json\/wp\/v2\/users\/21395"}],"replies":[{"embeddable":true,"href":"https:\/\/www.rincondelbulla.cl\/portal\/wp-json\/wp\/v2\/comments?post=13852"}],"version-history":[{"count":3,"href":"https:\/\/www.rincondelbulla.cl\/portal\/wp-json\/wp\/v2\/posts\/13852\/revisions"}],"predecessor-version":[{"id":13856,"href":"https:\/\/www.rincondelbulla.cl\/portal\/wp-json\/wp\/v2\/posts\/13852\/revisions\/13856"}],"wp:featuredmedia":[{"embeddable":true,"href":"https:\/\/www.rincondelbulla.cl\/portal\/wp-json\/wp\/v2\/media\/13853"}],"wp:attachment":[{"href":"https:\/\/www.rincondelbulla.cl\/portal\/wp-json\/wp\/v2\/media?parent=13852"}],"wp:term":[{"taxonomy":"category","embeddable":true,"href":"https:\/\/www.rincondelbulla.cl\/portal\/wp-json\/wp\/v2\/categories?post=13852"},{"taxonomy":"post_tag","embeddable":true,"href":"https:\/\/www.rincondelbulla.cl\/portal\/wp-json\/wp\/v2\/tags?post=13852"}],"curies":[{"name":"wp","href":"https:\/\/api.w.org\/{rel}","templated":true}]}}