{"id":13893,"date":"2018-02-15T12:18:23","date_gmt":"2018-02-15T15:18:23","guid":{"rendered":"http:\/\/www.rincondelbulla.cl\/portal\/?p=13893"},"modified":"2018-02-15T12:18:23","modified_gmt":"2018-02-15T15:18:23","slug":"tenemos-lorenzetti-hasta-el-2019","status":"publish","type":"post","link":"https:\/\/www.rincondelbulla.cl\/portal\/2018\/02\/15\/tenemos-lorenzetti-hasta-el-2019\/","title":{"rendered":"Tenemos Lorenzetti hasta el 2019"},"content":{"rendered":"<figure id=\"attachment_11871\" aria-describedby=\"caption-attachment-11871\" style=\"width: 1050px\" class=\"wp-caption alignleft\"><img loading=\"lazy\" decoding=\"async\" class=\"size-full wp-image-11871\" src=\"http:\/\/www.rincondelbulla.cl\/portal\/wp-content\/uploads\/2017\/07\/Lorenzetti-CDA-Julio-2017.jpg\" alt=\"\" width=\"1050\" height=\"700\" srcset=\"https:\/\/www.rincondelbulla.cl\/portal\/wp-content\/uploads\/2017\/07\/Lorenzetti-CDA-Julio-2017.jpg 1050w, https:\/\/www.rincondelbulla.cl\/portal\/wp-content\/uploads\/2017\/07\/Lorenzetti-CDA-Julio-2017-300x200.jpg 300w, https:\/\/www.rincondelbulla.cl\/portal\/wp-content\/uploads\/2017\/07\/Lorenzetti-CDA-Julio-2017-768x512.jpg 768w, https:\/\/www.rincondelbulla.cl\/portal\/wp-content\/uploads\/2017\/07\/Lorenzetti-CDA-Julio-2017-696x464.jpg 696w, https:\/\/www.rincondelbulla.cl\/portal\/wp-content\/uploads\/2017\/07\/Lorenzetti-CDA-Julio-2017-630x420.jpg 630w\" sizes=\"auto, (max-width: 1050px) 100vw, 1050px\" \/><figcaption id=\"caption-attachment-11871\" class=\"wp-caption-text\">Fotograf\u00eda: Leonardo Rubilar<\/figcaption><\/figure>\n<p><strong>Ronald Fuentes, comunic\u00f3 que Gustavo Lorenzetti prolong\u00f3 su v\u00ednculo con el cuadro azul hasta fines del a\u00f1o 2019.\u00a0<\/strong><\/p>\n<p>De esta manera, el \u2018Duende\u2019 sumar\u00e1 ocho a\u00f1os vistiendo la casaquilla del elenco colegial al arribar a la instituci\u00f3n en junio del 2011. El volante de 32 a\u00f1os ha ganado con la \u2018U\u2019 cuatro t\u00edtulos nacionales, dos Copa Chile, una Supercopa y una Copa Sudamericana.<\/p>\n<p>\u00abCon Lorenzetti acabamos de firmar su extensi\u00f3n de contrato y con Lorenzo (Reyes) vamos a seguir negociando. Seguramente ser\u00e1 seleccionado y estamos con conversaciones con \u00e9l al igual que con Mat\u00edas (Rodr\u00edguez)\u00bb, declar\u00f3 Fuentes en di\u00e1logo con Cooperativa.<\/p>\n<p>En cuanto a la situaci\u00f3n del defensor argentino Fabi\u00e1n Monz\u00f3n, que culmina contrato en junio pr\u00f3ximo, indic\u00f3 que \u00abes complicado renovar. Hemos conversado con su agente, no hay intenci\u00f3n de momento, pero si es un aporte en estos meses, seguramente conversaremos. Ac\u00e1 todos saben que su situaci\u00f3n es contractual\u00bb.<\/p>\n<p>Por otro lado, Fuentes descart\u00f3 una crisis en la interna azul y menos una relaci\u00f3n tirante entre \u00e9l y el entrenador \u00c1ngel Guillermo Hoyos. \u201cLa relaci\u00f3n con Hoyos es de respeto. Tenemos comunicaci\u00f3n constante. Podemos tener diferentes opiniones. No hay quiebres ni enemistad como dicen por ah\u00ed. Hay una buena relaci\u00f3n profesional, como debe tener un gerente deportivo con un t\u00e9cnico\u00bb, aclar\u00f3.<\/p>\n","protected":false},"excerpt":{"rendered":"<p>Ronald Fuentes, comunic\u00f3 que Gustavo Lorenzetti prolong\u00f3 su v\u00ednculo con el cuadro azul hasta fines del a\u00f1o 2019.\u00a0 De esta manera, el \u2018Duende\u2019 sumar\u00e1 ocho a\u00f1os vistiendo la casaquilla del elenco colegial al arribar a la instituci\u00f3n en junio del 2011. El volante de 32 a\u00f1os ha ganado con la \u2018U\u2019 cuatro t\u00edtulos nacionales, dos [&#8230;]<\/p>\n","protected":false},"author":21395,"featured_media":12623,"comment_status":"closed","ping_status":"open","sticky":false,"template":"","format":"standard","meta":{"footnotes":""},"categories":[18],"tags":[454,174,1116,1390,78,1391,480,156],"class_list":{"0":"post-13893","1":"post","2":"type-post","3":"status-publish","4":"format-standard","5":"has-post-thumbnail","7":"category-actualidad","8":"tag-actualidad","9":"tag-azul-azul","10":"tag-cuadro-magico","11":"tag-el-duende","12":"tag-gustavo-lorenzetti","13":"tag-regalon-del-rincon-del-bulla","14":"tag-ronald-fuentes","15":"tag-universidad-de-chile"},"_links":{"self":[{"href":"https:\/\/www.rincondelbulla.cl\/portal\/wp-json\/wp\/v2\/posts\/13893","targetHints":{"allow":["GET"]}}],"collection":[{"href":"https:\/\/www.rincondelbulla.cl\/portal\/wp-json\/wp\/v2\/posts"}],"about":[{"href":"https:\/\/www.rincondelbulla.cl\/portal\/wp-json\/wp\/v2\/types\/post"}],"author":[{"embeddable":true,"href":"https:\/\/www.rincondelbulla.cl\/portal\/wp-json\/wp\/v2\/users\/21395"}],"replies":[{"embeddable":true,"href":"https:\/\/www.rincondelbulla.cl\/portal\/wp-json\/wp\/v2\/comments?post=13893"}],"version-history":[{"count":1,"href":"https:\/\/www.rincondelbulla.cl\/portal\/wp-json\/wp\/v2\/posts\/13893\/revisions"}],"predecessor-version":[{"id":13894,"href":"https:\/\/www.rincondelbulla.cl\/portal\/wp-json\/wp\/v2\/posts\/13893\/revisions\/13894"}],"wp:featuredmedia":[{"embeddable":true,"href":"https:\/\/www.rincondelbulla.cl\/portal\/wp-json\/wp\/v2\/media\/12623"}],"wp:attachment":[{"href":"https:\/\/www.rincondelbulla.cl\/portal\/wp-json\/wp\/v2\/media?parent=13893"}],"wp:term":[{"taxonomy":"category","embeddable":true,"href":"https:\/\/www.rincondelbulla.cl\/portal\/wp-json\/wp\/v2\/categories?post=13893"},{"taxonomy":"post_tag","embeddable":true,"href":"https:\/\/www.rincondelbulla.cl\/portal\/wp-json\/wp\/v2\/tags?post=13893"}],"curies":[{"name":"wp","href":"https:\/\/api.w.org\/{rel}","templated":true}]}}