{"id":13898,"date":"2018-02-15T18:42:13","date_gmt":"2018-02-15T21:42:13","guid":{"rendered":"http:\/\/www.rincondelbulla.cl\/portal\/?p=13898"},"modified":"2018-02-15T18:42:13","modified_gmt":"2018-02-15T21:42:13","slug":"la-jugada-maestra-de-leandro-benegas-para-este-2018","status":"publish","type":"post","link":"https:\/\/www.rincondelbulla.cl\/portal\/2018\/02\/15\/la-jugada-maestra-de-leandro-benegas-para-este-2018\/","title":{"rendered":"La jugada maestra de Leandro Benegas para este 2018"},"content":{"rendered":"<p><img loading=\"lazy\" decoding=\"async\" class=\"alignnone size-full wp-image-11221\" src=\"http:\/\/www.rincondelbulla.cl\/portal\/wp-content\/uploads\/2017\/03\/Leandro-Benegas.jpg\" alt=\"\" width=\"960\" height=\"960\" srcset=\"https:\/\/www.rincondelbulla.cl\/portal\/wp-content\/uploads\/2017\/03\/Leandro-Benegas.jpg 960w, https:\/\/www.rincondelbulla.cl\/portal\/wp-content\/uploads\/2017\/03\/Leandro-Benegas-150x150.jpg 150w, https:\/\/www.rincondelbulla.cl\/portal\/wp-content\/uploads\/2017\/03\/Leandro-Benegas-300x300.jpg 300w, https:\/\/www.rincondelbulla.cl\/portal\/wp-content\/uploads\/2017\/03\/Leandro-Benegas-768x768.jpg 768w, https:\/\/www.rincondelbulla.cl\/portal\/wp-content\/uploads\/2017\/03\/Leandro-Benegas-696x696.jpg 696w, https:\/\/www.rincondelbulla.cl\/portal\/wp-content\/uploads\/2017\/03\/Leandro-Benegas-420x420.jpg 420w\" sizes=\"auto, (max-width: 960px) 100vw, 960px\" \/><\/p>\n<p><strong>El delantero argentino de 29 a\u00f1os tom\u00f3 una decisi\u00f3n que podr\u00eda marcar el futuro de su carrera deportiva.<\/strong><!--more--><\/p>\n<p style=\"line-height: 14.65pt;background: white;margin: 0cm 0cm 11.25pt 0cm\"><span style=\"font-size: 10.0pt;font-family: 'Helvetica','sans-serif';color: #525252\">A causa de su lesi\u00f3n de corte de ligamentos cruzados a inicios del Torneo Transici\u00f3n 2017 y el extenso tiempo de recuperaci\u00f3n, Leandro Benegas acord\u00f3 su no inscripci\u00f3n para el presente campeonato. Esto, para que su cupo sea utilizado por brasile\u00f1o Rafael Vaz.<\/span><\/p>\n<p style=\"line-height: 14.65pt;background: white;margin: 0cm 0cm 11.25pt 0cm\"><span style=\"font-size: 10.0pt;font-family: 'Helvetica','sans-serif';color: #525252\">Sin embargo, el delantero si ser\u00e1 incluido en la lista de buena fe que Universidad de Chile presentar\u00e1 para la primera fase de la Copa Libertadores 2018, por lo que podr\u00eda ver acci\u00f3n en el certamen continental. Tambi\u00e9n ser\u00e1 parte del plantel que dispute la Copa Chile de este a\u00f1o.<\/span><\/p>\n<p style=\"line-height: 14.65pt;background: white;margin: 0cm 0cm 11.25pt 0cm\"><span style=\"font-size: 10.0pt;font-family: 'Helvetica','sans-serif';color: #525252\">La otra buena noticia para Benegas, es que dentro de la negociaci\u00f3n con Azul Azul acord\u00f3 la extensi\u00f3n de su contrato con el club hasta fines del 2019. Con esto, solo queda conocer el futuro de Mat\u00edas Rodr\u00edguez, quien vencer\u00eda contrato a mediados de este 2018.<\/span><\/p>\n","protected":false},"excerpt":{"rendered":"<p>El delantero argentino de 29 a\u00f1os tom\u00f3 una decisi\u00f3n que podr\u00eda marcar el futuro de su carrera deportiva.<\/p>\n","protected":false},"author":21382,"featured_media":12152,"comment_status":"closed","ping_status":"open","sticky":false,"template":"","format":"standard","meta":{"footnotes":""},"categories":[18],"tags":[454,1392,1095,319,65,157,1385,1321,294,156],"class_list":{"0":"post-13898","1":"post","2":"type-post","3":"status-publish","4":"format-standard","5":"has-post-thumbnail","7":"category-actualidad","8":"tag-actualidad","9":"tag-copa-chile-2018","10":"tag-copa-libertadores-2018","11":"tag-leandro-benegas","12":"tag-matias-rodriguez","13":"tag-portada","14":"tag-rafael-vaz","15":"tag-torneo-nacional-2018","16":"tag-u-de-chile","17":"tag-universidad-de-chile"},"_links":{"self":[{"href":"https:\/\/www.rincondelbulla.cl\/portal\/wp-json\/wp\/v2\/posts\/13898","targetHints":{"allow":["GET"]}}],"collection":[{"href":"https:\/\/www.rincondelbulla.cl\/portal\/wp-json\/wp\/v2\/posts"}],"about":[{"href":"https:\/\/www.rincondelbulla.cl\/portal\/wp-json\/wp\/v2\/types\/post"}],"author":[{"embeddable":true,"href":"https:\/\/www.rincondelbulla.cl\/portal\/wp-json\/wp\/v2\/users\/21382"}],"replies":[{"embeddable":true,"href":"https:\/\/www.rincondelbulla.cl\/portal\/wp-json\/wp\/v2\/comments?post=13898"}],"version-history":[{"count":1,"href":"https:\/\/www.rincondelbulla.cl\/portal\/wp-json\/wp\/v2\/posts\/13898\/revisions"}],"predecessor-version":[{"id":13901,"href":"https:\/\/www.rincondelbulla.cl\/portal\/wp-json\/wp\/v2\/posts\/13898\/revisions\/13901"}],"wp:featuredmedia":[{"embeddable":true,"href":"https:\/\/www.rincondelbulla.cl\/portal\/wp-json\/wp\/v2\/media\/12152"}],"wp:attachment":[{"href":"https:\/\/www.rincondelbulla.cl\/portal\/wp-json\/wp\/v2\/media?parent=13898"}],"wp:term":[{"taxonomy":"category","embeddable":true,"href":"https:\/\/www.rincondelbulla.cl\/portal\/wp-json\/wp\/v2\/categories?post=13898"},{"taxonomy":"post_tag","embeddable":true,"href":"https:\/\/www.rincondelbulla.cl\/portal\/wp-json\/wp\/v2\/tags?post=13898"}],"curies":[{"name":"wp","href":"https:\/\/api.w.org\/{rel}","templated":true}]}}