{"id":13976,"date":"2018-02-21T12:00:25","date_gmt":"2018-02-21T15:00:25","guid":{"rendered":"http:\/\/www.rincondelbulla.cl\/portal\/?p=13976"},"modified":"2018-02-22T10:40:49","modified_gmt":"2018-02-22T13:40:49","slug":"nadie-es-profeta-en-su-tierra-el-dolor-de-montillo-por-su-hijo","status":"publish","type":"post","link":"https:\/\/www.rincondelbulla.cl\/portal\/2018\/02\/21\/nadie-es-profeta-en-su-tierra-el-dolor-de-montillo-por-su-hijo\/","title":{"rendered":"Nadie es profeta en su tierra: El dolor de Montillo por su hijo"},"content":{"rendered":"<p><img loading=\"lazy\" decoding=\"async\" class=\"aligncenter size-full wp-image-13978\" src=\"http:\/\/www.rincondelbulla.cl\/portal\/wp-content\/uploads\/2018\/02\/Santino.jpg\" alt=\"\" width=\"785\" height=\"400\" srcset=\"https:\/\/www.rincondelbulla.cl\/portal\/wp-content\/uploads\/2018\/02\/Santino.jpg 785w, https:\/\/www.rincondelbulla.cl\/portal\/wp-content\/uploads\/2018\/02\/Santino-300x153.jpg 300w, https:\/\/www.rincondelbulla.cl\/portal\/wp-content\/uploads\/2018\/02\/Santino-768x391.jpg 768w, https:\/\/www.rincondelbulla.cl\/portal\/wp-content\/uploads\/2018\/02\/Santino-696x355.jpg 696w\" sizes=\"auto, (max-width: 785px) 100vw, 785px\" \/><\/p>\n<p><strong>Walter Montillo no vive buenos d\u00edas en Argentina, a su lesi\u00f3n que lo tiene fuera del Tigres, ahora vive malos momento por la negativa que le hacen a su hijo para estudiar.<\/strong><\/p>\n<p>En los azules, todos conocemos la historia de \u00abSanti\u00bb,\u00a0del cual la ardilla en redes sociales const\u00e1ntemente sube fotos suyas, tras la\u00a0complicada cirug\u00eda al coraz\u00f3n -la quinta- a la que el peque\u00f1o fue sometido.<\/p>\n<p>Ahora su padre quer\u00eda inscribirlo en un colegio, pero le fueron cerrando las puestas por tener\u00a0sindrome de down, lo cual el denunci\u00f3 por sus redes sociales.<\/p>\n<blockquote class=\"twitter-tweet\">\n<p dir=\"ltr\" lang=\"es\">Nunca pense que en mi propio pais iba a ser tan dificil anotar mi hijo en una escuela&#8230;. Tengo un hijo con sindrome de down no una bomba nuclear.<br \/>\nEs de no creer, hay vacantes hasta que les informamos \u00abtiene down\u00bb,ah no hay mas vacantes!Muy triste <a href=\"https:\/\/twitter.com\/EducacionAR?ref_src=twsrc%5Etfw\">@EducacionAR<\/a> <a href=\"https:\/\/twitter.com\/gcba?ref_src=twsrc%5Etfw\">@gcba<\/a> <a href=\"https:\/\/twitter.com\/EducacionBA?ref_src=twsrc%5Etfw\">@EducacionBA<\/a><\/p>\n<p>\u2014 Walter Montillo (@Montil10) <a href=\"https:\/\/twitter.com\/Montil10\/status\/965577117542043648?ref_src=twsrc%5Etfw\">19 de febrero de 2018<\/a><\/p><\/blockquote>\n<p>El jugador pretend\u00eda inscribir a su hijo Santino en\u00a0un colegio privado en la zona de Palermo, pero cada vez que lo intentaba se topaba con la negativa de las instituciones a las que acud\u00eda.<\/p>\n<p>Por llegaron buenas noticias para Walter y la familia, pues\u00a0el Ministerio de Educaci\u00f3n Nacional tom\u00f3 cartas en el asunto y coordin\u00f3 un encuentro entre el futbolista y autoridades de la Ciudad de Buenos Aires para aclarar la situaci\u00f3n.\u00a0<strong>\u00abSe van a reunir con la direcci\u00f3n de privados y se va a resolver en estos d\u00edas\u00bb<\/strong>, confirmaron desde la administraci\u00f3n porte\u00f1a.<\/p>\n<blockquote class=\"instagram-media\" data-instgrm-captioned data-instgrm-permalink=\"https:\/\/www.instagram.com\/p\/Bfep9F6gGPb\/\" data-instgrm-version=\"8\" style=\" background:#FFF; border:0; border-radius:3px; box-shadow:0 0 1px 0 rgba(0,0,0,0.5),0 1px 10px 0 rgba(0,0,0,0.15); margin: 1px; max-width:658px; padding:0; width:99.375%; width:-webkit-calc(100% - 2px); width:calc(100% - 2px);\">\n<div style=\"padding:8px;\">\n<div style=\" background:#F8F8F8; line-height:0; margin-top:40px; padding:50.0% 0; text-align:center; width:100%;\">\n<div style=\" background:url(data:image\/png;base64,iVBORw0KGgoAAAANSUhEUgAAACwAAAAsCAMAAAApWqozAAAABGdBTUEAALGPC\/xhBQAAAAFzUkdCAK7OHOkAAAAMUExURczMzPf399fX1+bm5mzY9AMAAADiSURBVDjLvZXbEsMgCES5\/P8\/t9FuRVCRmU73JWlzosgSIIZURCjo\/ad+EQJJB4Hv8BFt+IDpQoCx1wjOSBFhh2XssxEIYn3ulI\/6MNReE07UIWJEv8UEOWDS88LY97kqyTliJKKtuYBbruAyVh5wOHiXmpi5we58Ek028czwyuQdLKPG1Bkb4NnM+VeAnfHqn1k4+GPT6uGQcvu2h2OVuIf\/gWUFyy8OWEpdyZSa3aVCqpVoVvzZZ2VTnn2wU8qzVjDDetO90GSy9mVLqtgYSy231MxrY6I2gGqjrTY0L8fxCxfCBbhWrsYYAAAAAElFTkSuQmCC); display:block; height:44px; margin:0 auto -44px; position:relative; top:-22px; width:44px;\"><\/div>\n<\/div>\n<p style=\" margin:8px 0 0 0; padding:0 4px;\"> <a href=\"https:\/\/www.instagram.com\/p\/Bfep9F6gGPb\/\" style=\" color:#000; font-family:Arial,sans-serif; font-size:14px; font-style:normal; font-weight:normal; line-height:17px; text-decoration:none; word-wrap:break-word;\" target=\"_blank\">Quisiera agradecer toda la atenci\u00f3n y el respeto que tuvieron con el tema de mi hijo. Es sabido que decidimos volver al pa\u00eds para facilitar el proceso de aprendizaje de Santino. Venimos de muchos a\u00f1os en el exterior y hoy estamos adapt\u00e1ndonos al sistema. El tema de la peregrinaci\u00f3n por una vacante en las escuelas no es algo tan sorpresivo, ya que nos escriben muchos padres al respecto. Es real que muchas escuelas nos dijeron que no hab\u00eda vacantes desde el principio, otras nos dijeron despu\u00e9s de conocer la condici\u00f3n de mi hijo y otras nos dieron mil y un motivos para convencernos de que su instituci\u00f3n no era la ideal para Santino (sin conocerlo, obviamente). Creemos que los padres deben tener la posibilidad de elegir la escuela donde quieren inscribir a sus hijos. No estamos en contra de las escuelas especiales, al contrario, pero quienes no est\u00e1n en el tema tienen que saber que no siempre est\u00e1n indicadas por los profesionales que tratan a nuestros hijos. Hay momentos y situaciones en las que se opta por esas instituciones. En el caso de Santino, todas las profesionales que trabajan con \u00e9l, creen que ahora necesita estar integrado en una escuela normal, porque necesita socializar e incorporar contenidos acordes a su edad. Eso no quita que en alg\u00fan momento nos indiquen una escuela especial y estaremos felices de seguir acompa\u00f1\u00e1ndolo. Hoy, con la situaci\u00f3n un poco m\u00e1s clara, queremos agradecer a todos los que llamaron para informarnos, ayudarnos, recomendarnos. Gente del club @catigreoficial en especial a \u201cRuben Pasquini\u201d, colegas de todos los equipos, gente de los medios, familiares, amigos, Legislatura porte\u00f1a, Direcci\u00f3n General de Escuelas, Agencia Nacional de Discapacidad&#8230; Santino es solo una cara. No hay que olvidarse que son miles las familias que la reman cada d\u00eda, que esperan un cari\u00f1o, que quieren ser parte, que necesitan facilidades. Por eso, mi familia y yo, votamos por la #Inclusion<\/a><\/p>\n<p style=\" color:#c9c8cd; font-family:Arial,sans-serif; font-size:14px; line-height:17px; margin-bottom:0; margin-top:8px; overflow:hidden; padding:8px 0 7px; text-align:center; text-overflow:ellipsis; white-space:nowrap;\">Una publicaci\u00f3n compartida de <a href=\"https:\/\/www.instagram.com\/wdmontil10\/\" style=\" color:#c9c8cd; font-family:Arial,sans-serif; font-size:14px; font-style:normal; font-weight:normal; line-height:17px;\" target=\"_blank\"> Walter Montillo<\/a> (@wdmontil10) el <time style=\" font-family:Arial,sans-serif; font-size:14px; line-height:17px;\" datetime=\"2018-02-22T00:33:17+00:00\">Feb 21, 2018 at 4:33 PST<\/time><\/p>\n<\/div>\n<\/blockquote>\n<p> <script async defer src=\"\/\/www.instagram.com\/embed.js\"><\/script><\/p>\n<p>Esperemos todo llegue a buen puerto y Santino pueda estudiar, sino que vengan a Chile y por ac\u00e1, sabe que son bien recibidos.<\/p>\n","protected":false},"excerpt":{"rendered":"<p>Walter Montillo no vive buenos d\u00edas en Argentina, a su lesi\u00f3n que lo tiene fuera del Tigres, ahora vive malos momento por la negativa que le hacen a su hijo para estudiar. En los azules, todos conocemos la historia de \u00abSanti\u00bb,\u00a0del cual la ardilla en redes sociales const\u00e1ntemente sube fotos suyas, tras la\u00a0complicada cirug\u00eda al [&#8230;]<\/p>\n","protected":false},"author":21398,"featured_media":13977,"comment_status":"closed","ping_status":"open","sticky":false,"template":"","format":"standard","meta":{"footnotes":""},"categories":[18],"tags":[454,1116,1401,1400,156,61],"class_list":{"0":"post-13976","1":"post","2":"type-post","3":"status-publish","4":"format-standard","5":"has-post-thumbnail","7":"category-actualidad","8":"tag-actualidad","9":"tag-cuadro-magico","10":"tag-santi","11":"tag-santino-montillo","12":"tag-universidad-de-chile","13":"tag-walter-montillo"},"_links":{"self":[{"href":"https:\/\/www.rincondelbulla.cl\/portal\/wp-json\/wp\/v2\/posts\/13976","targetHints":{"allow":["GET"]}}],"collection":[{"href":"https:\/\/www.rincondelbulla.cl\/portal\/wp-json\/wp\/v2\/posts"}],"about":[{"href":"https:\/\/www.rincondelbulla.cl\/portal\/wp-json\/wp\/v2\/types\/post"}],"author":[{"embeddable":true,"href":"https:\/\/www.rincondelbulla.cl\/portal\/wp-json\/wp\/v2\/users\/21398"}],"replies":[{"embeddable":true,"href":"https:\/\/www.rincondelbulla.cl\/portal\/wp-json\/wp\/v2\/comments?post=13976"}],"version-history":[{"count":3,"href":"https:\/\/www.rincondelbulla.cl\/portal\/wp-json\/wp\/v2\/posts\/13976\/revisions"}],"predecessor-version":[{"id":13998,"href":"https:\/\/www.rincondelbulla.cl\/portal\/wp-json\/wp\/v2\/posts\/13976\/revisions\/13998"}],"wp:featuredmedia":[{"embeddable":true,"href":"https:\/\/www.rincondelbulla.cl\/portal\/wp-json\/wp\/v2\/media\/13977"}],"wp:attachment":[{"href":"https:\/\/www.rincondelbulla.cl\/portal\/wp-json\/wp\/v2\/media?parent=13976"}],"wp:term":[{"taxonomy":"category","embeddable":true,"href":"https:\/\/www.rincondelbulla.cl\/portal\/wp-json\/wp\/v2\/categories?post=13976"},{"taxonomy":"post_tag","embeddable":true,"href":"https:\/\/www.rincondelbulla.cl\/portal\/wp-json\/wp\/v2\/tags?post=13976"}],"curies":[{"name":"wp","href":"https:\/\/api.w.org\/{rel}","templated":true}]}}