{"id":13980,"date":"2018-02-21T15:40:10","date_gmt":"2018-02-21T18:40:10","guid":{"rendered":"http:\/\/www.rincondelbulla.cl\/portal\/?p=13980"},"modified":"2018-02-21T15:40:50","modified_gmt":"2018-02-21T18:40:50","slug":"vilches-uno-no-se-puede-dar-la-libertad-de-estar-parado-tanto-tiempo","status":"publish","type":"post","link":"https:\/\/www.rincondelbulla.cl\/portal\/2018\/02\/21\/vilches-uno-no-se-puede-dar-la-libertad-de-estar-parado-tanto-tiempo\/","title":{"rendered":"Vilches: \u00abUno no se puede dar la libertad de estar parado tanto tiempo\u00bb"},"content":{"rendered":"<p><img loading=\"lazy\" decoding=\"async\" class=\"alignnone size-full wp-image-11794\" src=\"http:\/\/www.rincondelbulla.cl\/portal\/wp-content\/uploads\/2017\/07\/Christian-Vilches-Post-\u00d1ublense.jpg\" alt=\"\" width=\"1244\" height=\"700\" srcset=\"https:\/\/www.rincondelbulla.cl\/portal\/wp-content\/uploads\/2017\/07\/Christian-Vilches-Post-\u00d1ublense.jpg 1244w, https:\/\/www.rincondelbulla.cl\/portal\/wp-content\/uploads\/2017\/07\/Christian-Vilches-Post-\u00d1ublense-300x169.jpg 300w, https:\/\/www.rincondelbulla.cl\/portal\/wp-content\/uploads\/2017\/07\/Christian-Vilches-Post-\u00d1ublense-768x432.jpg 768w, https:\/\/www.rincondelbulla.cl\/portal\/wp-content\/uploads\/2017\/07\/Christian-Vilches-Post-\u00d1ublense-1200x675.jpg 1200w, https:\/\/www.rincondelbulla.cl\/portal\/wp-content\/uploads\/2017\/07\/Christian-Vilches-Post-\u00d1ublense-696x392.jpg 696w, https:\/\/www.rincondelbulla.cl\/portal\/wp-content\/uploads\/2017\/07\/Christian-Vilches-Post-\u00d1ublense-1068x601.jpg 1068w, https:\/\/www.rincondelbulla.cl\/portal\/wp-content\/uploads\/2017\/07\/Christian-Vilches-Post-\u00d1ublense-746x420.jpg 746w\" sizes=\"auto, (max-width: 1244px) 100vw, 1244px\" \/><\/p>\n<p><strong>Hoy la U entr\u00f3 a puertas cerradas, pero al salir del entrenamiento Christian Vilches, uno de los que qued\u00f3 mal con la vacuna, habl\u00f3 con los medios.<\/strong><\/p>\n<p>En su auto sonaba, \u00abLa colita es m\u00eda doctor, la inyecci\u00f3n, no, no, no\u00bb, baj\u00f3 el vidrio y habl\u00f3 el Kily con los reporteros: \u00abHoy (estoy) con un poco de malestar, pero en realidad uno no se puede dar la libertad de estar parado tanto tiempo. Entren\u00e9 con normalidad y gracias a dios me sent\u00ed bien\u00bb, expres\u00f3.<\/p>\n<p>\u00abNos pusieron la vacuna el d\u00eda jueves, si mal no recuerdo, y se presentaron los primeros s\u00edntomas. Yo fui uno de ellos, pero ya estoy bien, gracias a dios. Es importante vacunarse para viajar tranquilo\u00bb, agreg\u00f3 el defensor.<\/p>\n<p>Recordar que Universidad de Chile debutar\u00e1 en la Copa Libertadores 2018 frente al ganador de la llave de Vasco da Gama y Jorge Wilstermann, el 12 de marzo, en condici\u00f3n de visitante. El cuadro brasile\u00f1o asoma como el m\u00e1s seguro rival al vencer por 4-0 en la ida, en R\u00edo de Janeiro.<\/p>\n<p>\u00abVer\u00e9 el partido de Vasco da Gama. Es un rival complicado, pero estamos muy ilusionados y nos entregaremos al cien por ciento para pasar de fase\u00bb, sentenci\u00f3 Vilches.<\/p>\n<p>Asegur\u00f3 que no tendr\u00eda problemas para llegar el domingo al duelo con Deportes Temuco en el Germ\u00e1n Becker.<\/p>\n","protected":false},"excerpt":{"rendered":"<p>Hoy la U entr\u00f3 a puertas cerradas, pero al salir del entrenamiento Christian Vilches, uno de los que qued\u00f3 mal con la vacuna, habl\u00f3 con los medios. En su auto sonaba, \u00abLa colita es m\u00eda doctor, la inyecci\u00f3n, no, no, no\u00bb, baj\u00f3 el vidrio y habl\u00f3 el Kily con los reporteros: \u00abHoy (estoy) con un [&#8230;]<\/p>\n","protected":false},"author":21397,"featured_media":13004,"comment_status":"closed","ping_status":"open","sticky":false,"template":"","format":"standard","meta":{"footnotes":""},"categories":[18],"tags":[454,818,156],"class_list":{"0":"post-13980","1":"post","2":"type-post","3":"status-publish","4":"format-standard","5":"has-post-thumbnail","7":"category-actualidad","8":"tag-actualidad","9":"tag-christian-vilches","10":"tag-universidad-de-chile"},"_links":{"self":[{"href":"https:\/\/www.rincondelbulla.cl\/portal\/wp-json\/wp\/v2\/posts\/13980","targetHints":{"allow":["GET"]}}],"collection":[{"href":"https:\/\/www.rincondelbulla.cl\/portal\/wp-json\/wp\/v2\/posts"}],"about":[{"href":"https:\/\/www.rincondelbulla.cl\/portal\/wp-json\/wp\/v2\/types\/post"}],"author":[{"embeddable":true,"href":"https:\/\/www.rincondelbulla.cl\/portal\/wp-json\/wp\/v2\/users\/21397"}],"replies":[{"embeddable":true,"href":"https:\/\/www.rincondelbulla.cl\/portal\/wp-json\/wp\/v2\/comments?post=13980"}],"version-history":[{"count":2,"href":"https:\/\/www.rincondelbulla.cl\/portal\/wp-json\/wp\/v2\/posts\/13980\/revisions"}],"predecessor-version":[{"id":13982,"href":"https:\/\/www.rincondelbulla.cl\/portal\/wp-json\/wp\/v2\/posts\/13980\/revisions\/13982"}],"wp:featuredmedia":[{"embeddable":true,"href":"https:\/\/www.rincondelbulla.cl\/portal\/wp-json\/wp\/v2\/media\/13004"}],"wp:attachment":[{"href":"https:\/\/www.rincondelbulla.cl\/portal\/wp-json\/wp\/v2\/media?parent=13980"}],"wp:term":[{"taxonomy":"category","embeddable":true,"href":"https:\/\/www.rincondelbulla.cl\/portal\/wp-json\/wp\/v2\/categories?post=13980"},{"taxonomy":"post_tag","embeddable":true,"href":"https:\/\/www.rincondelbulla.cl\/portal\/wp-json\/wp\/v2\/tags?post=13980"}],"curies":[{"name":"wp","href":"https:\/\/api.w.org\/{rel}","templated":true}]}}