{"id":14023,"date":"2018-02-25T22:16:26","date_gmt":"2018-02-26T01:16:26","guid":{"rendered":"http:\/\/www.rincondelbulla.cl\/portal\/?p=14023"},"modified":"2018-03-16T13:44:55","modified_gmt":"2018-03-16T16:44:55","slug":"hoyos-y-la-actuacion-de-contreras-teniamos-fe-en-que-iba-a-hacer-un-gol","status":"publish","type":"post","link":"https:\/\/www.rincondelbulla.cl\/portal\/2018\/02\/25\/hoyos-y-la-actuacion-de-contreras-teniamos-fe-en-que-iba-a-hacer-un-gol\/","title":{"rendered":"Hoyos y la actuaci\u00f3n de Contreras: \u00abTen\u00edamos fe en que iba a hacer un gol\u00bb"},"content":{"rendered":"<figure id=\"attachment_14024\" aria-describedby=\"caption-attachment-14024\" style=\"width: 1271px\" class=\"wp-caption aligncenter\"><img loading=\"lazy\" decoding=\"async\" class=\"size-full wp-image-14024\" src=\"http:\/\/www.rincondelbulla.cl\/portal\/wp-content\/uploads\/2018\/02\/Hoyos-post-Temuco.jpg\" alt=\"\" width=\"1271\" height=\"723\" srcset=\"https:\/\/www.rincondelbulla.cl\/portal\/wp-content\/uploads\/2018\/02\/Hoyos-post-Temuco.jpg 1271w, https:\/\/www.rincondelbulla.cl\/portal\/wp-content\/uploads\/2018\/02\/Hoyos-post-Temuco-300x171.jpg 300w, https:\/\/www.rincondelbulla.cl\/portal\/wp-content\/uploads\/2018\/02\/Hoyos-post-Temuco-768x437.jpg 768w, https:\/\/www.rincondelbulla.cl\/portal\/wp-content\/uploads\/2018\/02\/Hoyos-post-Temuco-1200x683.jpg 1200w, https:\/\/www.rincondelbulla.cl\/portal\/wp-content\/uploads\/2018\/02\/Hoyos-post-Temuco-696x396.jpg 696w, https:\/\/www.rincondelbulla.cl\/portal\/wp-content\/uploads\/2018\/02\/Hoyos-post-Temuco-1068x608.jpg 1068w, https:\/\/www.rincondelbulla.cl\/portal\/wp-content\/uploads\/2018\/02\/Hoyos-post-Temuco-738x420.jpg 738w\" sizes=\"auto, (max-width: 1271px) 100vw, 1271px\" \/><figcaption id=\"caption-attachment-14024\" class=\"wp-caption-text\">Fotograf\u00eda: Nicol\u00e1s Vald\u00e9s<\/figcaption><\/figure>\n<p><strong>Guillermo Hoyos, exterioriz\u00f3 su satisfacci\u00f3n por el triunfo conseguido por 1-0 sobre Deportes Temuco, en el Estadio \u2018Germ\u00e1n Becker\u2019, asegurando que \u201ctuvimos coraje para ir a ganarlo\u201d.\u00a0<\/strong><\/p>\n<p>Con su tercera victoria consecutiva, el elenco colegial lleg\u00f3 a nueve puntos y es el exclusivo escolta del l\u00edder Universidad Cat\u00f3lica, que tiene 12 unidades.<\/p>\n<p>A la hora del an\u00e1lisis, el estratega de origen argentino declar\u00f3 que \u00abestoy contento por el resultado, por la producci\u00f3n general. Nos llevamos un triunfo en un campo extremadamente dif\u00edcil\u201d.<\/p>\n<p>\u201cEl segundo tiempo fue m\u00e1s de ida y vuelta, pero siempre buscamos ganar el partido. El primer tiempo fue muy bueno, a nivel de juego. Tuvimos coraje para ir a ganarlo. El equipo lo vi muy seguro y s\u00f3lido atr\u00e1s\u201d, agreg\u00f3.<\/p>\n<p>En cuanto al gol de Alejandro Contreras, gol que viene desde la banca, Hoyos revel\u00f3 que \u00abten\u00edamos fe en que iba a hacer un gol y se lo anticipamos. Tiene buen juego a\u00e9reo. Pens\u00e1bamos que a trav\u00e9s de su solidez pod\u00edamos llegar por las espaldas. A Hauche le costaba el regreso. Entonces cre\u00edamos que \u00e9l pod\u00eda aparecer en el espacio y con el juego a\u00e9reo pod\u00edamos concretar\u00bb.<\/p>\n<p>Adem\u00e1s los reporteros del Rinc\u00f3n del Bulla pusieron en jaque al profe.<\/p>\n<p>Para terminar, dedic\u00f3 positivas palabras a su plantel. \u00abEs un equipo de mucha experiencia, con condiciones futbol\u00edsticas y t\u00e1cticas importantes. Estoy contento por este momento, pero faltan muchas cosas. Estamos reci\u00e9n comenzando\u00bb, sentenci\u00f3.<\/p>\n","protected":false},"excerpt":{"rendered":"<p>Guillermo Hoyos, exterioriz\u00f3 su satisfacci\u00f3n por el triunfo conseguido por 1-0 sobre Deportes Temuco, en el Estadio \u2018Germ\u00e1n Becker\u2019, asegurando que \u201ctuvimos coraje para ir a ganarlo\u201d.\u00a0 Con su tercera victoria consecutiva, el elenco colegial lleg\u00f3 a nueve puntos y es el exclusivo escolta del l\u00edder Universidad Cat\u00f3lica, que tiene 12 unidades. A la hora [&#8230;]<\/p>\n","protected":false},"author":21395,"featured_media":14024,"comment_status":"closed","ping_status":"open","sticky":false,"template":"","format":"standard","meta":{"footnotes":""},"categories":[18],"tags":[454,1116,867,1006,156],"class_list":{"0":"post-14023","1":"post","2":"type-post","3":"status-publish","4":"format-standard","5":"has-post-thumbnail","7":"category-actualidad","8":"tag-actualidad","9":"tag-cuadro-magico","10":"tag-deportes-temuco","11":"tag-guillermo-hoyos","12":"tag-universidad-de-chile"},"_links":{"self":[{"href":"https:\/\/www.rincondelbulla.cl\/portal\/wp-json\/wp\/v2\/posts\/14023","targetHints":{"allow":["GET"]}}],"collection":[{"href":"https:\/\/www.rincondelbulla.cl\/portal\/wp-json\/wp\/v2\/posts"}],"about":[{"href":"https:\/\/www.rincondelbulla.cl\/portal\/wp-json\/wp\/v2\/types\/post"}],"author":[{"embeddable":true,"href":"https:\/\/www.rincondelbulla.cl\/portal\/wp-json\/wp\/v2\/users\/21395"}],"replies":[{"embeddable":true,"href":"https:\/\/www.rincondelbulla.cl\/portal\/wp-json\/wp\/v2\/comments?post=14023"}],"version-history":[{"count":2,"href":"https:\/\/www.rincondelbulla.cl\/portal\/wp-json\/wp\/v2\/posts\/14023\/revisions"}],"predecessor-version":[{"id":14199,"href":"https:\/\/www.rincondelbulla.cl\/portal\/wp-json\/wp\/v2\/posts\/14023\/revisions\/14199"}],"wp:featuredmedia":[{"embeddable":true,"href":"https:\/\/www.rincondelbulla.cl\/portal\/wp-json\/wp\/v2\/media\/14024"}],"wp:attachment":[{"href":"https:\/\/www.rincondelbulla.cl\/portal\/wp-json\/wp\/v2\/media?parent=14023"}],"wp:term":[{"taxonomy":"category","embeddable":true,"href":"https:\/\/www.rincondelbulla.cl\/portal\/wp-json\/wp\/v2\/categories?post=14023"},{"taxonomy":"post_tag","embeddable":true,"href":"https:\/\/www.rincondelbulla.cl\/portal\/wp-json\/wp\/v2\/tags?post=14023"}],"curies":[{"name":"wp","href":"https:\/\/api.w.org\/{rel}","templated":true}]}}