{"id":14045,"date":"2018-03-01T16:57:25","date_gmt":"2018-03-01T19:57:25","guid":{"rendered":"http:\/\/www.rincondelbulla.cl\/portal\/?p=14045"},"modified":"2018-03-01T16:57:25","modified_gmt":"2018-03-01T19:57:25","slug":"echeverria-tengo-muchas-ganas-de-jugar","status":"publish","type":"post","link":"https:\/\/www.rincondelbulla.cl\/portal\/2018\/03\/01\/echeverria-tengo-muchas-ganas-de-jugar\/","title":{"rendered":"Echeverr\u00eda: \u00abTengo muchas ganas de jugar\u00bb"},"content":{"rendered":"<p><img loading=\"lazy\" decoding=\"async\" class=\"alignnone size-full wp-image-14046\" src=\"http:\/\/www.rincondelbulla.cl\/portal\/wp-content\/uploads\/2018\/03\/Echeverr\u00eda-CDA-Marzo.jpg\" alt=\"\" width=\"1513\" height=\"833\" srcset=\"https:\/\/www.rincondelbulla.cl\/portal\/wp-content\/uploads\/2018\/03\/Echeverr\u00eda-CDA-Marzo.jpg 1513w, https:\/\/www.rincondelbulla.cl\/portal\/wp-content\/uploads\/2018\/03\/Echeverr\u00eda-CDA-Marzo-300x165.jpg 300w, https:\/\/www.rincondelbulla.cl\/portal\/wp-content\/uploads\/2018\/03\/Echeverr\u00eda-CDA-Marzo-768x423.jpg 768w, https:\/\/www.rincondelbulla.cl\/portal\/wp-content\/uploads\/2018\/03\/Echeverr\u00eda-CDA-Marzo-1200x661.jpg 1200w, https:\/\/www.rincondelbulla.cl\/portal\/wp-content\/uploads\/2018\/03\/Echeverr\u00eda-CDA-Marzo-696x383.jpg 696w, https:\/\/www.rincondelbulla.cl\/portal\/wp-content\/uploads\/2018\/03\/Echeverr\u00eda-CDA-Marzo-1068x588.jpg 1068w, https:\/\/www.rincondelbulla.cl\/portal\/wp-content\/uploads\/2018\/03\/Echeverr\u00eda-CDA-Marzo-763x420.jpg 763w\" sizes=\"auto, (max-width: 1513px) 100vw, 1513px\" \/><\/p>\n<p><strong>Rodrigo Echeverr\u00eda se declar\u00f3 contento este jueves con la regularidad que presenta en el andamiaje de \u00c1ngel Guillermo Hoyos, jugando como defensor, y asegur\u00f3 que el plantel azul est\u00e1 preparado para afrontar una cargada agenda con la Copa Libertadores como punto importante.\u00a0<\/strong><\/p>\n<p>El jugador de 22 a\u00f1os viene de ser uno de los puntos altos en la victoria del elenco colegial por 1-0 sobre Deportes Temuco, en el Estadio \u2018Germ\u00e1n Becker\u2019. Consultado por su actual momento en la \u2018U\u2019 declar\u00f3 que \u201cestoy muy contento, tengo muchas ganas de jugar y lo estoy haciendo\u201d.<\/p>\n<p>\u201cEspero seguir respondiendo dentro de la cancha, en el partido que pas\u00f3 me pude complementar bien con el Quili (Vilches) y Gonza (Jara). Adem\u00e1s, creo que el aporte de Bose (Beausejour) o Mati (Rodr\u00edguez) es muy importante. Gastan muchas energ\u00edas en el ida y vuelta, m\u00e1s el Lolo (Reyes) que siempre nos ha apoyado t\u00e1cticamente\u00bb, expres\u00f3.<\/p>\n<p>Otra alternativa que tendr\u00e1 Hoyos en defensa es el experimentado defensor brasile\u00f1o Rafael Vaz. Ante esto, Echeverr\u00eda indic\u00f3 que \u00abRafa es un gran jugador y tiene mucha hambre de lograr cosas importantes en la \u2018U\u2019. Tiene el apoyo de todos y si le toca jugar no me cabe duda que lo har\u00e1 de la mejor manera\u00bb.<\/p>\n<p>Por otro lado, el jugador formado en la tienda azul asegur\u00f3 que la plantilla est\u00e1 preparada para afrontar sin problemas el Torneo Nacional y la Libertadores. \u00abEl profe decidir\u00e1 si hay que rotar o no. Estamos todos capacitados para jugar. Contra Antofagasta ser\u00e1 un partido complicado, ante la \u2018U\u2019 se vienen todos los equipos a jugar la vida\u00bb, apunt\u00f3.<\/p>\n<p>Por \u00faltimo, Echeverr\u00eda fue consultado sobre las declaraciones de Felipe Flores en la previa del duelo con Antofagasta. El zaguero dijo que no se preocupar\u00e1n demasiado por el delantero, pese a que el ex Colo Colo tomar\u00e1 el partido como un cl\u00e1sico.<\/p>\n<p>\u201cVamos a preparar el partido de muy buena forma, salir a contrarrestar eso y poder hacer las cosas bien para ganar el partido. No me preocupa eso, me preocupa el equipo completo que es Antofagasta y preparar bien el partido para poder ganarlo\u201d, sentenci\u00f3.<\/p>\n","protected":false},"excerpt":{"rendered":"<p>Rodrigo Echeverr\u00eda se declar\u00f3 contento este jueves con la regularidad que presenta en el andamiaje de \u00c1ngel Guillermo Hoyos, jugando como defensor, y asegur\u00f3 que el plantel azul est\u00e1 preparado para afrontar una cargada agenda con la Copa Libertadores como punto importante.\u00a0 El jugador de 22 a\u00f1os viene de ser uno de los puntos altos [&#8230;]<\/p>\n","protected":false},"author":21399,"featured_media":14046,"comment_status":"closed","ping_status":"open","sticky":false,"template":"","format":"standard","meta":{"footnotes":""},"categories":[18],"tags":[454,1184,156],"class_list":{"0":"post-14045","1":"post","2":"type-post","3":"status-publish","4":"format-standard","5":"has-post-thumbnail","7":"category-actualidad","8":"tag-actualidad","9":"tag-rodrigo-echeverria","10":"tag-universidad-de-chile"},"_links":{"self":[{"href":"https:\/\/www.rincondelbulla.cl\/portal\/wp-json\/wp\/v2\/posts\/14045","targetHints":{"allow":["GET"]}}],"collection":[{"href":"https:\/\/www.rincondelbulla.cl\/portal\/wp-json\/wp\/v2\/posts"}],"about":[{"href":"https:\/\/www.rincondelbulla.cl\/portal\/wp-json\/wp\/v2\/types\/post"}],"author":[{"embeddable":true,"href":"https:\/\/www.rincondelbulla.cl\/portal\/wp-json\/wp\/v2\/users\/21399"}],"replies":[{"embeddable":true,"href":"https:\/\/www.rincondelbulla.cl\/portal\/wp-json\/wp\/v2\/comments?post=14045"}],"version-history":[{"count":1,"href":"https:\/\/www.rincondelbulla.cl\/portal\/wp-json\/wp\/v2\/posts\/14045\/revisions"}],"predecessor-version":[{"id":14047,"href":"https:\/\/www.rincondelbulla.cl\/portal\/wp-json\/wp\/v2\/posts\/14045\/revisions\/14047"}],"wp:featuredmedia":[{"embeddable":true,"href":"https:\/\/www.rincondelbulla.cl\/portal\/wp-json\/wp\/v2\/media\/14046"}],"wp:attachment":[{"href":"https:\/\/www.rincondelbulla.cl\/portal\/wp-json\/wp\/v2\/media?parent=14045"}],"wp:term":[{"taxonomy":"category","embeddable":true,"href":"https:\/\/www.rincondelbulla.cl\/portal\/wp-json\/wp\/v2\/categories?post=14045"},{"taxonomy":"post_tag","embeddable":true,"href":"https:\/\/www.rincondelbulla.cl\/portal\/wp-json\/wp\/v2\/tags?post=14045"}],"curies":[{"name":"wp","href":"https:\/\/api.w.org\/{rel}","templated":true}]}}