{"id":14104,"date":"2018-03-07T12:18:05","date_gmt":"2018-03-07T15:18:05","guid":{"rendered":"http:\/\/www.rincondelbulla.cl\/portal\/?p=14104"},"modified":"2018-03-07T12:18:05","modified_gmt":"2018-03-07T15:18:05","slug":"schultz-y-la-libertadores-estamos-en-un-grupo-complicado-lo-sabemos","status":"publish","type":"post","link":"https:\/\/www.rincondelbulla.cl\/portal\/2018\/03\/07\/schultz-y-la-libertadores-estamos-en-un-grupo-complicado-lo-sabemos\/","title":{"rendered":"Schultz y la Libertadores: \u00abEstamos en\u00a0un grupo complicado lo sabemos\u00bb"},"content":{"rendered":"<p><img loading=\"lazy\" decoding=\"async\" class=\"alignleft size-full wp-image-14105\" src=\"http:\/\/www.rincondelbulla.cl\/portal\/wp-content\/uploads\/2018\/03\/Franz-Schultz-CDA-Marzo.jpg\" alt=\"\" width=\"1235\" height=\"700\" srcset=\"https:\/\/www.rincondelbulla.cl\/portal\/wp-content\/uploads\/2018\/03\/Franz-Schultz-CDA-Marzo.jpg 1235w, https:\/\/www.rincondelbulla.cl\/portal\/wp-content\/uploads\/2018\/03\/Franz-Schultz-CDA-Marzo-300x170.jpg 300w, https:\/\/www.rincondelbulla.cl\/portal\/wp-content\/uploads\/2018\/03\/Franz-Schultz-CDA-Marzo-768x435.jpg 768w, https:\/\/www.rincondelbulla.cl\/portal\/wp-content\/uploads\/2018\/03\/Franz-Schultz-CDA-Marzo-1200x680.jpg 1200w, https:\/\/www.rincondelbulla.cl\/portal\/wp-content\/uploads\/2018\/03\/Franz-Schultz-CDA-Marzo-696x394.jpg 696w, https:\/\/www.rincondelbulla.cl\/portal\/wp-content\/uploads\/2018\/03\/Franz-Schultz-CDA-Marzo-1068x605.jpg 1068w, https:\/\/www.rincondelbulla.cl\/portal\/wp-content\/uploads\/2018\/03\/Franz-Schultz-CDA-Marzo-741x420.jpg 741w\" sizes=\"auto, (max-width: 1235px) 100vw, 1235px\" \/><\/p>\n<p><strong>Franz Schultz convers\u00f3 con los medios la jornada de este martes en preparaci\u00f3n a el debut en Copa Libertadores de la U.<\/strong><\/p>\n<p>Tras el amistoso con los Potros, El coreano coment\u00f3 como fue la actuaci\u00f3n de dos jugadores que a\u00fan no hemos visto de titulares en el Cuadro m\u00e1gico, Vaz y Cooper \u00abA Armando y Rafael los veo completamente comprometidos, el tema de ellos ya es del profesor, pero en lo que me corresponde a m\u00ed, Armando puede jugar en cualquier momento en su posici\u00f3n, por algo llego a la U\u00bb.<\/p>\n<p>Acerca de su actuaci\u00f3n estos d\u00edas en el Rom\u00e1ntico Viajero, en desmedro de Mat\u00edas Rodriguez, agreg\u00f3 que\u00a0\u00abSi me toc\u00f3 jugar bien ahora es por el equipo. Tuve la suerte de entrar en estos partidos en que ya se encontr\u00f3 el andamiaje y hemos sacado casi puntaje perfecto. Me siento muy bien\u00bb.<\/p>\n<p>Estos d\u00edas la mente de los azules est\u00e1 puesta en el debut en Copa Libertadores, respecto a ese tema, Schultz indic\u00f3 que\u00a0\u00abFaltan muchos d\u00edas para la ansiedad, quiz\u00e1s el d\u00eda lunes lo vamos a sentir.\u00a0Estamos en\u00a0un grupo complicado lo sabemos, pero podemos hacer historia, eso tambi\u00e9n lo sabemos.\u00a0Confiamos en nuestras capacidades y debemos jugar nuestras fichas completas en Brasil y en nuestros partidos de local\u00bb, cerr\u00f3.<\/p>\n<p>&nbsp;<\/p>\n","protected":false},"excerpt":{"rendered":"<p>Franz Schultz convers\u00f3 con los medios la jornada de este martes en preparaci\u00f3n a el debut en Copa Libertadores de la U. Tras el amistoso con los Potros, El coreano coment\u00f3 como fue la actuaci\u00f3n de dos jugadores que a\u00fan no hemos visto de titulares en el Cuadro m\u00e1gico, Vaz y Cooper \u00abA Armando y [&#8230;]<\/p>\n","protected":false},"author":21395,"featured_media":14105,"comment_status":"closed","ping_status":"open","sticky":false,"template":"","format":"standard","meta":{"footnotes":""},"categories":[18],"tags":[454,128,1116,746,156],"class_list":{"0":"post-14104","1":"post","2":"type-post","3":"status-publish","4":"format-standard","5":"has-post-thumbnail","7":"category-actualidad","8":"tag-actualidad","9":"tag-copa-libertadores","10":"tag-cuadro-magico","11":"tag-franz-schultz","12":"tag-universidad-de-chile"},"_links":{"self":[{"href":"https:\/\/www.rincondelbulla.cl\/portal\/wp-json\/wp\/v2\/posts\/14104","targetHints":{"allow":["GET"]}}],"collection":[{"href":"https:\/\/www.rincondelbulla.cl\/portal\/wp-json\/wp\/v2\/posts"}],"about":[{"href":"https:\/\/www.rincondelbulla.cl\/portal\/wp-json\/wp\/v2\/types\/post"}],"author":[{"embeddable":true,"href":"https:\/\/www.rincondelbulla.cl\/portal\/wp-json\/wp\/v2\/users\/21395"}],"replies":[{"embeddable":true,"href":"https:\/\/www.rincondelbulla.cl\/portal\/wp-json\/wp\/v2\/comments?post=14104"}],"version-history":[{"count":1,"href":"https:\/\/www.rincondelbulla.cl\/portal\/wp-json\/wp\/v2\/posts\/14104\/revisions"}],"predecessor-version":[{"id":14106,"href":"https:\/\/www.rincondelbulla.cl\/portal\/wp-json\/wp\/v2\/posts\/14104\/revisions\/14106"}],"wp:featuredmedia":[{"embeddable":true,"href":"https:\/\/www.rincondelbulla.cl\/portal\/wp-json\/wp\/v2\/media\/14105"}],"wp:attachment":[{"href":"https:\/\/www.rincondelbulla.cl\/portal\/wp-json\/wp\/v2\/media?parent=14104"}],"wp:term":[{"taxonomy":"category","embeddable":true,"href":"https:\/\/www.rincondelbulla.cl\/portal\/wp-json\/wp\/v2\/categories?post=14104"},{"taxonomy":"post_tag","embeddable":true,"href":"https:\/\/www.rincondelbulla.cl\/portal\/wp-json\/wp\/v2\/tags?post=14104"}],"curies":[{"name":"wp","href":"https:\/\/api.w.org\/{rel}","templated":true}]}}