{"id":14310,"date":"2018-04-04T02:18:35","date_gmt":"2018-04-04T05:18:35","guid":{"rendered":"http:\/\/www.rincondelbulla.cl\/portal\/?p=14310"},"modified":"2018-04-04T02:53:57","modified_gmt":"2018-04-04T05:53:57","slug":"hoyos-y-la-libertadores-es-lindo-participar-en-este-grupo","status":"publish","type":"post","link":"https:\/\/www.rincondelbulla.cl\/portal\/2018\/04\/04\/hoyos-y-la-libertadores-es-lindo-participar-en-este-grupo\/","title":{"rendered":"Hoyos y la Libertadores: \u00abEs lindo participar en este grupo\u00bb"},"content":{"rendered":"<p><img loading=\"lazy\" decoding=\"async\" class=\"aligncenter size-full wp-image-14122\" src=\"http:\/\/www.rincondelbulla.cl\/portal\/wp-content\/uploads\/2018\/03\/Guillermo-Hoyos-cancha.jpg\" alt=\"\" width=\"1200\" height=\"600\" srcset=\"https:\/\/www.rincondelbulla.cl\/portal\/wp-content\/uploads\/2018\/03\/Guillermo-Hoyos-cancha.jpg 1200w, https:\/\/www.rincondelbulla.cl\/portal\/wp-content\/uploads\/2018\/03\/Guillermo-Hoyos-cancha-300x150.jpg 300w, https:\/\/www.rincondelbulla.cl\/portal\/wp-content\/uploads\/2018\/03\/Guillermo-Hoyos-cancha-768x384.jpg 768w, https:\/\/www.rincondelbulla.cl\/portal\/wp-content\/uploads\/2018\/03\/Guillermo-Hoyos-cancha-696x348.jpg 696w, https:\/\/www.rincondelbulla.cl\/portal\/wp-content\/uploads\/2018\/03\/Guillermo-Hoyos-cancha-1068x534.jpg 1068w, https:\/\/www.rincondelbulla.cl\/portal\/wp-content\/uploads\/2018\/03\/Guillermo-Hoyos-cancha-840x420.jpg 840w\" sizes=\"auto, (max-width: 1200px) 100vw, 1200px\" \/><strong>El t\u00e9cnico valor\u00f3 la igualdad ante Racing, asumiendo la complejidad y belleza del grupo que enfrenta.<\/strong><!--more--><\/p>\n<p>Tras el empate de la U, en su segundo duelo por Copa Libertadores, el equipo se ubic\u00f3 en la parte alta de la tabla junto al rival de turno, algo que mantiene la fe en los hinchas, pero que divisa una dura definici\u00f3n de este grupo.<\/p>\n<p>En esto contexto el estratega azul mantiene la convicci\u00f3n que el equipo est\u00e1 realizando un buen papel en el torneo. \u00ab<strong>Me voy muy contento en el sentido de que el equipo siempre estuvo para tratar de ganarlo y competir. Pero tambi\u00e9n resalto la jerarqu\u00eda&#8230;quiz\u00e1s este punto nos depare algo importante<\/strong>\u00ab, indic\u00f3.<\/p>\n<p>Las modificaciones en el duelo ante \u00abLa Acad\u00e9\u00bb tambi\u00e9n fueron tema de an\u00e1lisis para el t\u00e9cnico, sobre todo la incorporaci\u00f3n de Isaac D\u00edaz. \u00ab<strong>La idea con Isaac era tratar de generar desmarques, fuerza, presencia. Nos hab\u00eda dado resultados con Palestino\u00bb, <\/strong>y agreg\u00f3 sobre Nicol\u00e1s Guerra que<strong> \u00abtambi\u00e9n tiene esas caracter\u00edsticas. Nico entra tard\u00edo, porque faltaba un cambio de ellos. No quer\u00eda desvestir al equipo defensivamente<\/strong>\u00ab.<\/p>\n<p>Pese a lo dif\u00edcil que se pronostica la definici\u00f3n del grupo de la U, el profesor resalt\u00f3 lo importante de ser parte de este grupo, junto a importantes equipos del continente. \u00ab<strong>Los partidos de Libertadores son hiper intensos<\/strong>.\u00a0<strong>El grupo es muy exigente, para m\u00ed es muy bueno. Es lindo participar en este grupo, porque motiva todo<\/strong>\u00ab, cerr\u00f3.<\/p>\n<p>&nbsp;<\/p>\n","protected":false},"excerpt":{"rendered":"<p>El t\u00e9cnico valor\u00f3 la igualdad ante Racing, asumiendo la complejidad y belleza del grupo que enfrenta.<\/p>\n","protected":false},"author":56,"featured_media":14122,"comment_status":"closed","ping_status":"open","sticky":false,"template":"","format":"standard","meta":{"footnotes":""},"categories":[18],"tags":[1095,1006,102,228,156],"class_list":{"0":"post-14310","1":"post","2":"type-post","3":"status-publish","4":"format-standard","5":"has-post-thumbnail","7":"category-actualidad","8":"tag-copa-libertadores-2018","9":"tag-guillermo-hoyos","10":"tag-los-de-abajo","11":"tag-rincon-del-bulla","12":"tag-universidad-de-chile"},"_links":{"self":[{"href":"https:\/\/www.rincondelbulla.cl\/portal\/wp-json\/wp\/v2\/posts\/14310","targetHints":{"allow":["GET"]}}],"collection":[{"href":"https:\/\/www.rincondelbulla.cl\/portal\/wp-json\/wp\/v2\/posts"}],"about":[{"href":"https:\/\/www.rincondelbulla.cl\/portal\/wp-json\/wp\/v2\/types\/post"}],"author":[{"embeddable":true,"href":"https:\/\/www.rincondelbulla.cl\/portal\/wp-json\/wp\/v2\/users\/56"}],"replies":[{"embeddable":true,"href":"https:\/\/www.rincondelbulla.cl\/portal\/wp-json\/wp\/v2\/comments?post=14310"}],"version-history":[{"count":3,"href":"https:\/\/www.rincondelbulla.cl\/portal\/wp-json\/wp\/v2\/posts\/14310\/revisions"}],"predecessor-version":[{"id":14325,"href":"https:\/\/www.rincondelbulla.cl\/portal\/wp-json\/wp\/v2\/posts\/14310\/revisions\/14325"}],"wp:featuredmedia":[{"embeddable":true,"href":"https:\/\/www.rincondelbulla.cl\/portal\/wp-json\/wp\/v2\/media\/14122"}],"wp:attachment":[{"href":"https:\/\/www.rincondelbulla.cl\/portal\/wp-json\/wp\/v2\/media?parent=14310"}],"wp:term":[{"taxonomy":"category","embeddable":true,"href":"https:\/\/www.rincondelbulla.cl\/portal\/wp-json\/wp\/v2\/categories?post=14310"},{"taxonomy":"post_tag","embeddable":true,"href":"https:\/\/www.rincondelbulla.cl\/portal\/wp-json\/wp\/v2\/tags?post=14310"}],"curies":[{"name":"wp","href":"https:\/\/api.w.org\/{rel}","templated":true}]}}