{"id":14349,"date":"2018-04-08T15:34:20","date_gmt":"2018-04-08T18:34:20","guid":{"rendered":"http:\/\/www.rincondelbulla.cl\/portal\/?p=14349"},"modified":"2018-04-08T15:34:20","modified_gmt":"2018-04-08T18:34:20","slug":"hoyos-ya-vive-el-superclasico-y-se-entusiasma-con-la-racha-azul","status":"publish","type":"post","link":"https:\/\/www.rincondelbulla.cl\/portal\/2018\/04\/08\/hoyos-ya-vive-el-superclasico-y-se-entusiasma-con-la-racha-azul\/","title":{"rendered":"Hoyos ya vive el supercl\u00e1sico y se entusiasma con la racha azul"},"content":{"rendered":"<figure id=\"attachment_14156\" aria-describedby=\"caption-attachment-14156\" style=\"width: 2315px\" class=\"wp-caption aligncenter\"><img loading=\"lazy\" decoding=\"async\" class=\"size-full wp-image-14156\" src=\"http:\/\/www.rincondelbulla.cl\/portal\/wp-content\/uploads\/2018\/03\/PS_163280.jpg\" alt=\"\" width=\"2315\" height=\"1543\" srcset=\"https:\/\/www.rincondelbulla.cl\/portal\/wp-content\/uploads\/2018\/03\/PS_163280.jpg 2315w, https:\/\/www.rincondelbulla.cl\/portal\/wp-content\/uploads\/2018\/03\/PS_163280-300x200.jpg 300w, https:\/\/www.rincondelbulla.cl\/portal\/wp-content\/uploads\/2018\/03\/PS_163280-768x512.jpg 768w, https:\/\/www.rincondelbulla.cl\/portal\/wp-content\/uploads\/2018\/03\/PS_163280-1200x800.jpg 1200w, https:\/\/www.rincondelbulla.cl\/portal\/wp-content\/uploads\/2018\/03\/PS_163280-696x464.jpg 696w, https:\/\/www.rincondelbulla.cl\/portal\/wp-content\/uploads\/2018\/03\/PS_163280-1068x712.jpg 1068w, https:\/\/www.rincondelbulla.cl\/portal\/wp-content\/uploads\/2018\/03\/PS_163280-630x420.jpg 630w\" sizes=\"auto, (max-width: 2315px) 100vw, 2315px\" \/><figcaption id=\"caption-attachment-14156\" class=\"wp-caption-text\">Foto: Ramon Monroy \/ Photosport<\/figcaption><\/figure>\n<p><strong>El estratega azul sum\u00f3 su octavo triunfo con la U en el torneo local que los deja como l\u00edderes.<\/strong><!--more--><\/p>\n<p>En la U hay s\u00f3lo caras sonrientes luego de una gran racha de triunfos que tienen al equipo azul en lo m\u00e1s alto del torneo y a la espera de sumar un nuevo ante su cl\u00e1sico rival en la pr\u00f3xima fecha.<\/p>\n<p>La barra comenz\u00f3 desde el primer tiempo, del duelo ante Curic\u00f3, a calentar el partido ante los albos, con c\u00e1nticos dedicados a sus rivales y pidi\u00e9ndole al equipo que no pierdan ese partido.<\/p>\n<p>Esto impregn\u00f3 al t\u00e9cnico de la U con un optimismo de cara a lo que viene, \u00ab<strong>Hay que apoyarse en el placer de jugar y tratar de ganar este partido\u00bb<\/strong>, comenz\u00f3.<\/p>\n<p>El argentino sabe que el duelo ante los dirigidos por Pablo Guede no ser\u00e1 f\u00e1cil, \u00ab<strong>Decir qui\u00e9n va a ganar el domingo no se nos pasa por la cabeza, pero si sabemos que va a ser\u00e1 un partido tremendamente duro<\/strong>\u00bb y agreg\u00f3, \u00ab<strong>Hay que descomprimir la situaci\u00f3n, confiar en lo que se ha hecho y en estos jugadores que tienen jerarqu\u00eda y altura. Hay que apoyarse en el placer de jugar y tratar de ganar este partido\u00bb.<\/strong><\/p>\n<p>Pero no todo fue supercl\u00e1sico, y el t\u00e9cnico tambi\u00e9n se refiri\u00f3 al juego que exhibe la U, \u00ab<strong>La obligaci\u00f3n es que jueguen con todo. Pero si salimos a ganar todos los partidos vas a cansar a los jugadores. Con Racing cualquiera pudo haber ganado, lo mismo con Curic\u00f3\u00bb,\u00a0<\/strong>sostuvo.<\/p>\n<p>Finalmente Hoyos, abord\u00f3 la dura agenda que espera al Equipo M\u00e1gico en los pr\u00f3ximos d\u00edas, \u00ab<strong>Este partido nos da un extra a nivel f\u00edsico, porque ven\u00edan muy gastados. Todo fue la potencia del nivel f\u00edsico que se ha trabajado. Despu\u00e9s de Colo Colo viene Cruzeiro, La Calera y otra vez m\u00e1s Cruzeiro. Es impresionante la cantidad de partidos, as\u00ed que necesitamos a todo el grupo metido. La liga y la Copa est\u00e1n muy competitivas<\/strong>\u00ab, cerr\u00f3.<\/p>\n<h2 class=\"cont-entradilla-art\"><\/h2>\n","protected":false},"excerpt":{"rendered":"<p>El estratega azul sum\u00f3 su octavo triunfo con la U en el torneo local que los deja como l\u00edderes.<\/p>\n","protected":false},"author":56,"featured_media":14156,"comment_status":"closed","ping_status":"open","sticky":false,"template":"","format":"standard","meta":{"footnotes":""},"categories":[18],"tags":[454,996,102,228,156],"class_list":{"0":"post-14349","1":"post","2":"type-post","3":"status-publish","4":"format-standard","5":"has-post-thumbnail","7":"category-actualidad","8":"tag-actualidad","9":"tag-hoyos","10":"tag-los-de-abajo","11":"tag-rincon-del-bulla","12":"tag-universidad-de-chile"},"_links":{"self":[{"href":"https:\/\/www.rincondelbulla.cl\/portal\/wp-json\/wp\/v2\/posts\/14349","targetHints":{"allow":["GET"]}}],"collection":[{"href":"https:\/\/www.rincondelbulla.cl\/portal\/wp-json\/wp\/v2\/posts"}],"about":[{"href":"https:\/\/www.rincondelbulla.cl\/portal\/wp-json\/wp\/v2\/types\/post"}],"author":[{"embeddable":true,"href":"https:\/\/www.rincondelbulla.cl\/portal\/wp-json\/wp\/v2\/users\/56"}],"replies":[{"embeddable":true,"href":"https:\/\/www.rincondelbulla.cl\/portal\/wp-json\/wp\/v2\/comments?post=14349"}],"version-history":[{"count":2,"href":"https:\/\/www.rincondelbulla.cl\/portal\/wp-json\/wp\/v2\/posts\/14349\/revisions"}],"predecessor-version":[{"id":14351,"href":"https:\/\/www.rincondelbulla.cl\/portal\/wp-json\/wp\/v2\/posts\/14349\/revisions\/14351"}],"wp:featuredmedia":[{"embeddable":true,"href":"https:\/\/www.rincondelbulla.cl\/portal\/wp-json\/wp\/v2\/media\/14156"}],"wp:attachment":[{"href":"https:\/\/www.rincondelbulla.cl\/portal\/wp-json\/wp\/v2\/media?parent=14349"}],"wp:term":[{"taxonomy":"category","embeddable":true,"href":"https:\/\/www.rincondelbulla.cl\/portal\/wp-json\/wp\/v2\/categories?post=14349"},{"taxonomy":"post_tag","embeddable":true,"href":"https:\/\/www.rincondelbulla.cl\/portal\/wp-json\/wp\/v2\/tags?post=14349"}],"curies":[{"name":"wp","href":"https:\/\/api.w.org\/{rel}","templated":true}]}}