{"id":14352,"date":"2018-04-08T15:41:37","date_gmt":"2018-04-08T18:41:37","guid":{"rendered":"http:\/\/www.rincondelbulla.cl\/portal\/?p=14352"},"modified":"2018-04-08T15:41:37","modified_gmt":"2018-04-08T18:41:37","slug":"soteldo-no-se-achica-ad-portas-de-su-primer-clasico-somos-locales-y-tenemos-que-ganar","status":"publish","type":"post","link":"https:\/\/www.rincondelbulla.cl\/portal\/2018\/04\/08\/soteldo-no-se-achica-ad-portas-de-su-primer-clasico-somos-locales-y-tenemos-que-ganar\/","title":{"rendered":"Soteldo no se achica ad portas de su primer cl\u00e1sico, \u00absomos locales y tenemos que ganar"},"content":{"rendered":"<figure id=\"attachment_14180\" aria-describedby=\"caption-attachment-14180\" style=\"width: 1000px\" class=\"wp-caption aligncenter\"><img loading=\"lazy\" decoding=\"async\" class=\"size-full wp-image-14180\" src=\"http:\/\/www.rincondelbulla.cl\/portal\/wp-content\/uploads\/2018\/03\/subir-rinco\u0300n.jpeg\" alt=\"\" width=\"1000\" height=\"667\" srcset=\"https:\/\/www.rincondelbulla.cl\/portal\/wp-content\/uploads\/2018\/03\/subir-rinco\u0300n.jpeg 1000w, https:\/\/www.rincondelbulla.cl\/portal\/wp-content\/uploads\/2018\/03\/subir-rinco\u0300n-300x200.jpeg 300w, https:\/\/www.rincondelbulla.cl\/portal\/wp-content\/uploads\/2018\/03\/subir-rinco\u0300n-768x512.jpeg 768w, https:\/\/www.rincondelbulla.cl\/portal\/wp-content\/uploads\/2018\/03\/subir-rinco\u0300n-696x464.jpeg 696w, https:\/\/www.rincondelbulla.cl\/portal\/wp-content\/uploads\/2018\/03\/subir-rinco\u0300n-630x420.jpeg 630w\" sizes=\"auto, (max-width: 1000px) 100vw, 1000px\" \/><figcaption id=\"caption-attachment-14180\" class=\"wp-caption-text\">Foto: Claudio C\u00e1ceres<\/figcaption><\/figure>\n<p><strong>El volante azul cerr\u00f3 la mejor semana desde que lleg\u00f3 a la U.<\/strong><br \/>\n<!--more--><\/p>\n<p>Fue s\u00faper cuestionado en sus primeras semanas en la U, sin embargo estos \u00faltimos d\u00edas, la vida le dio la posibilidad de enmendar esas cr\u00edticas y coron\u00f3 su mejor racha en lo que lleva en el elenco azul, figura ante Racing y clave en el triunfo ante Curic\u00f3.<\/p>\n<p>El venezolano se mostr\u00f3 feliz por el actual momento que vive y resalt\u00f3 que todo es gracias a su esfuerzo, \u00ab<strong>Dios sabe lo que he trabajado. Gracias a mi familia que siempre ha estado. Sab\u00eda que en cualquier momento me iba a tocar, feliz porque sacamos tres puntos importantes<\/strong>\u00ab, indic\u00f3.<\/p>\n<p>La U complet\u00f3 ocho victorias consecutivas y Soteldo tiene\u00a0 muy claro a qu\u00e9 atribuir esa situaci\u00f3n, \u00ab<strong>es una racha de victorias en el campeonato, m\u00e9rito al trabajo, hemos trabajado mucho. Estoy orgulloso del equipo porque cada vez vamos por m\u00e1s y a no bajar los brazos\u00bb<\/strong>, a\u00f1adi\u00f3.<\/p>\n<p>Finalmente adelant\u00f3 lo que ser\u00e1 su primer supercl\u00e1sico en el f\u00fatbol chileno y se mostr\u00f3 confiado de seguir festejando, \u00ab<strong>Sabemos que tenemos equipo para apretar en cualquier partido, ser\u00e1 dif\u00edcil como cl\u00e1sico, pero somos locales y tenemos que ganar<\/strong>\u00ab, cerr\u00f3.<\/p>\n<p>&nbsp;<\/p>\n","protected":false},"excerpt":{"rendered":"<p>El volante azul cerr\u00f3 la mejor semana desde que lleg\u00f3 a la U.<\/p>\n","protected":false},"author":56,"featured_media":14180,"comment_status":"closed","ping_status":"open","sticky":false,"template":"","format":"standard","meta":{"footnotes":""},"categories":[18],"tags":[102,228,156,1341],"class_list":{"0":"post-14352","1":"post","2":"type-post","3":"status-publish","4":"format-standard","5":"has-post-thumbnail","7":"category-actualidad","8":"tag-los-de-abajo","9":"tag-rincon-del-bulla","10":"tag-universidad-de-chile","11":"tag-yeferson-soteldo"},"_links":{"self":[{"href":"https:\/\/www.rincondelbulla.cl\/portal\/wp-json\/wp\/v2\/posts\/14352","targetHints":{"allow":["GET"]}}],"collection":[{"href":"https:\/\/www.rincondelbulla.cl\/portal\/wp-json\/wp\/v2\/posts"}],"about":[{"href":"https:\/\/www.rincondelbulla.cl\/portal\/wp-json\/wp\/v2\/types\/post"}],"author":[{"embeddable":true,"href":"https:\/\/www.rincondelbulla.cl\/portal\/wp-json\/wp\/v2\/users\/56"}],"replies":[{"embeddable":true,"href":"https:\/\/www.rincondelbulla.cl\/portal\/wp-json\/wp\/v2\/comments?post=14352"}],"version-history":[{"count":1,"href":"https:\/\/www.rincondelbulla.cl\/portal\/wp-json\/wp\/v2\/posts\/14352\/revisions"}],"predecessor-version":[{"id":14353,"href":"https:\/\/www.rincondelbulla.cl\/portal\/wp-json\/wp\/v2\/posts\/14352\/revisions\/14353"}],"wp:featuredmedia":[{"embeddable":true,"href":"https:\/\/www.rincondelbulla.cl\/portal\/wp-json\/wp\/v2\/media\/14180"}],"wp:attachment":[{"href":"https:\/\/www.rincondelbulla.cl\/portal\/wp-json\/wp\/v2\/media?parent=14352"}],"wp:term":[{"taxonomy":"category","embeddable":true,"href":"https:\/\/www.rincondelbulla.cl\/portal\/wp-json\/wp\/v2\/categories?post=14352"},{"taxonomy":"post_tag","embeddable":true,"href":"https:\/\/www.rincondelbulla.cl\/portal\/wp-json\/wp\/v2\/tags?post=14352"}],"curies":[{"name":"wp","href":"https:\/\/api.w.org\/{rel}","templated":true}]}}