{"id":14556,"date":"2018-05-03T20:10:05","date_gmt":"2018-05-04T00:10:05","guid":{"rendered":"http:\/\/www.rincondelbulla.cl\/portal\/?p=14556"},"modified":"2018-05-03T20:18:49","modified_gmt":"2018-05-04T00:18:49","slug":"se-cayo-dignamente-en-argentina","status":"publish","type":"post","link":"https:\/\/www.rincondelbulla.cl\/portal\/2018\/05\/03\/se-cayo-dignamente-en-argentina\/","title":{"rendered":"Se cay\u00f3 dignamente en Argentina"},"content":{"rendered":"<figure id=\"attachment_14559\" aria-describedby=\"caption-attachment-14559\" style=\"width: 3500px\" class=\"wp-caption alignnone\"><img loading=\"lazy\" decoding=\"async\" class=\"size-full wp-image-14559\" src=\"http:\/\/www.rincondelbulla.cl\/portal\/wp-content\/uploads\/2018\/05\/Soccer-Football-Arg-22210107.jpg\" alt=\"\" width=\"3500\" height=\"2300\" srcset=\"https:\/\/www.rincondelbulla.cl\/portal\/wp-content\/uploads\/2018\/05\/Soccer-Football-Arg-22210107.jpg 3500w, https:\/\/www.rincondelbulla.cl\/portal\/wp-content\/uploads\/2018\/05\/Soccer-Football-Arg-22210107-300x197.jpg 300w, https:\/\/www.rincondelbulla.cl\/portal\/wp-content\/uploads\/2018\/05\/Soccer-Football-Arg-22210107-768x505.jpg 768w, https:\/\/www.rincondelbulla.cl\/portal\/wp-content\/uploads\/2018\/05\/Soccer-Football-Arg-22210107-1200x789.jpg 1200w, https:\/\/www.rincondelbulla.cl\/portal\/wp-content\/uploads\/2018\/05\/Soccer-Football-Arg-22210107-696x457.jpg 696w, https:\/\/www.rincondelbulla.cl\/portal\/wp-content\/uploads\/2018\/05\/Soccer-Football-Arg-22210107-741x486.jpg 741w, https:\/\/www.rincondelbulla.cl\/portal\/wp-content\/uploads\/2018\/05\/Soccer-Football-Arg-22210107-1068x702.jpg 1068w, https:\/\/www.rincondelbulla.cl\/portal\/wp-content\/uploads\/2018\/05\/Soccer-Football-Arg-22210107-639x420.jpg 639w\" sizes=\"auto, (max-width: 3500px) 100vw, 3500px\" \/><figcaption id=\"caption-attachment-14559\" class=\"wp-caption-text\">Marcos Brindicci<\/figcaption><\/figure>\n<p><strong>Pese a las bajas obligadas por suspensi\u00f3n y lesi\u00f3n, Universidad de Chile roz\u00f3 el buen resultado en el Cilindro de Avellaneda. Los azules quedan m\u00e1s cerca de Copa Conmebol Sudamericana que de octavos de final de Libertadores.<\/strong><!--more--><\/p>\n<p>La \u201cU\u201d no pudo aguantar lo necesario y en un meritorio partido, fue derrotado por la cuenta m\u00ednima por Racing Club, reduciendo a escasas la chances de avanzar en el m\u00e1ximo torneo continental.<\/p>\n<p>El primer tiempo, pese a terminar igualado sin goles, concentr\u00f3 algunas llegadas de ambas escuadras sin mayor peligro. Salvo una clara ocasi\u00f3n de gol desperdiciada por Nicol\u00e1s Guerra, quien en los 42 minutos parti\u00f3 habilitado desde propio campo tras una salida r\u00e1pida en la zaga azul, se fue solo en demanda del arco local, pero en el \u00e1rea no pudo controlar bien el bal\u00f3n permitiendo la recuperaci\u00f3n de la defensa albiceleste, quienes alejaron el peligro.<\/p>\n<p>En el segundo lapso, la \u201cU\u201d lograba sacar adelante el partido, pese a lo diezmado del plantel. Sin embargo, todo se vino abajo en los 81\u2019, cuando Alejandro Donatti aprovech\u00f3 una pelota para sacar un zapatazo y abrir la cuenta para Racing Club.<\/p>\n<p>En la misma jugada, Ricardo Centuri\u00f3n le grit\u00f3 el gol en la cara a Lorenzo Reyes, quien le contest\u00f3 y golpe\u00f3 de pu\u00f1o al argentino, lo que llev\u00f3 al arbitro del partido a mostrarle tarjeta roja al volante azul.<\/p>\n<p>En la \u00faltima fecha de esta fase de grupos de Conmebol Libertadores, Universidad de Chile recibir\u00e1 en el Estadio Nacional a Vasco da Gama, el martes 22 de mayo desde las 20:30 hrs. A esa misma hora, Cruzeiro y Racing de Avellaneda estar\u00e1n jugando en Brasil.<\/p>\n<p>La Tabla de Posiciones en la antesala de la sexta jornada, deja a Racing en el primer lugar con 11 puntos (+7), Cruzeiro en segundo lugar con 8 pts. (+9), Universidad de Chile con 5 pts. (-7) y en \u00faltimo lugar Vasco da Gama con 2 pts. (-9).<\/p>\n","protected":false},"excerpt":{"rendered":"<p>Pese a las bajas obligadas por suspensi\u00f3n y lesi\u00f3n, Universidad de Chile roz\u00f3 el buen resultado en el Cilindro de Avellaneda. Los azules quedan m\u00e1s cerca de Copa Conmebol Sudamericana que de octavos de final de Libertadores.<\/p>\n","protected":false},"author":21382,"featured_media":14560,"comment_status":"closed","ping_status":"open","sticky":false,"template":"","format":"standard","meta":{"footnotes":""},"categories":[18],"tags":[454,1467,1131,1406,157,1407,294,156,1404],"class_list":{"0":"post-14556","1":"post","2":"type-post","3":"status-publish","4":"format-standard","5":"has-post-thumbnail","7":"category-actualidad","8":"tag-actualidad","9":"tag-conmebol-libertadores","10":"tag-copa-conmebol-libertadores","11":"tag-cruzeiro","12":"tag-portada","13":"tag-racing-de-avellaneda","14":"tag-u-de-chile","15":"tag-universidad-de-chile","16":"tag-vasco-da-gama"},"_links":{"self":[{"href":"https:\/\/www.rincondelbulla.cl\/portal\/wp-json\/wp\/v2\/posts\/14556","targetHints":{"allow":["GET"]}}],"collection":[{"href":"https:\/\/www.rincondelbulla.cl\/portal\/wp-json\/wp\/v2\/posts"}],"about":[{"href":"https:\/\/www.rincondelbulla.cl\/portal\/wp-json\/wp\/v2\/types\/post"}],"author":[{"embeddable":true,"href":"https:\/\/www.rincondelbulla.cl\/portal\/wp-json\/wp\/v2\/users\/21382"}],"replies":[{"embeddable":true,"href":"https:\/\/www.rincondelbulla.cl\/portal\/wp-json\/wp\/v2\/comments?post=14556"}],"version-history":[{"count":4,"href":"https:\/\/www.rincondelbulla.cl\/portal\/wp-json\/wp\/v2\/posts\/14556\/revisions"}],"predecessor-version":[{"id":14563,"href":"https:\/\/www.rincondelbulla.cl\/portal\/wp-json\/wp\/v2\/posts\/14556\/revisions\/14563"}],"wp:featuredmedia":[{"embeddable":true,"href":"https:\/\/www.rincondelbulla.cl\/portal\/wp-json\/wp\/v2\/media\/14560"}],"wp:attachment":[{"href":"https:\/\/www.rincondelbulla.cl\/portal\/wp-json\/wp\/v2\/media?parent=14556"}],"wp:term":[{"taxonomy":"category","embeddable":true,"href":"https:\/\/www.rincondelbulla.cl\/portal\/wp-json\/wp\/v2\/categories?post=14556"},{"taxonomy":"post_tag","embeddable":true,"href":"https:\/\/www.rincondelbulla.cl\/portal\/wp-json\/wp\/v2\/tags?post=14556"}],"curies":[{"name":"wp","href":"https:\/\/api.w.org\/{rel}","templated":true}]}}