{"id":14640,"date":"2018-05-14T01:39:03","date_gmt":"2018-05-14T05:39:03","guid":{"rendered":"http:\/\/www.rincondelbulla.cl\/portal\/?p=14640"},"modified":"2018-05-14T01:39:03","modified_gmt":"2018-05-14T05:39:03","slug":"video-soteldo-volvio-aunque-aun-no-se-recupera-totalmente","status":"publish","type":"post","link":"https:\/\/www.rincondelbulla.cl\/portal\/2018\/05\/14\/video-soteldo-volvio-aunque-aun-no-se-recupera-totalmente\/","title":{"rendered":"[VIDEO] Soteldo volvi\u00f3 aunque a\u00fan no se recupera totalmente"},"content":{"rendered":"<figure id=\"attachment_14336\" aria-describedby=\"caption-attachment-14336\" style=\"width: 1280px\" class=\"wp-caption alignnone\"><img loading=\"lazy\" decoding=\"async\" class=\"size-full wp-image-14336\" src=\"http:\/\/www.rincondelbulla.cl\/portal\/wp-content\/uploads\/2018\/04\/WhatsApp-Image-2018-04-04-at-16.56.29.jpeg\" alt=\"\" width=\"1280\" height=\"853\" srcset=\"https:\/\/www.rincondelbulla.cl\/portal\/wp-content\/uploads\/2018\/04\/WhatsApp-Image-2018-04-04-at-16.56.29.jpeg 1280w, https:\/\/www.rincondelbulla.cl\/portal\/wp-content\/uploads\/2018\/04\/WhatsApp-Image-2018-04-04-at-16.56.29-300x200.jpeg 300w, https:\/\/www.rincondelbulla.cl\/portal\/wp-content\/uploads\/2018\/04\/WhatsApp-Image-2018-04-04-at-16.56.29-768x512.jpeg 768w, https:\/\/www.rincondelbulla.cl\/portal\/wp-content\/uploads\/2018\/04\/WhatsApp-Image-2018-04-04-at-16.56.29-1200x800.jpeg 1200w, https:\/\/www.rincondelbulla.cl\/portal\/wp-content\/uploads\/2018\/04\/WhatsApp-Image-2018-04-04-at-16.56.29-696x464.jpeg 696w, https:\/\/www.rincondelbulla.cl\/portal\/wp-content\/uploads\/2018\/04\/WhatsApp-Image-2018-04-04-at-16.56.29-1068x712.jpeg 1068w, https:\/\/www.rincondelbulla.cl\/portal\/wp-content\/uploads\/2018\/04\/WhatsApp-Image-2018-04-04-at-16.56.29-630x420.jpeg 630w\" sizes=\"auto, (max-width: 1280px) 100vw, 1280px\" \/><figcaption id=\"caption-attachment-14336\" class=\"wp-caption-text\">Foto: Patricio Gonz\u00e1lez<\/figcaption><\/figure>\n<p><strong>El habilidoso atacante volvi\u00f3 a ver f\u00fatbol luego de un desgarro.<\/strong><!--more--><\/p>\n<p>El segundo tiempo frente a los cruzados estuvo marcado por la vuelta a las canchas de Mauricio Pinilla y Yeferson Soteldo, este \u00faltimo con muchas ganas de demostrar para lo que esta.<\/p>\n<p>Tras el partido tuvo que ir al doping y convers\u00f3 con los medios declarando que el resultado \u00ab<strong>no es amargo pero nos vamos un poco triste porque pudimos haberlo ganado<\/strong>\u00ab.<\/p>\n<p>El venezolano se\u00f1al\u00f3 que no hay apuro en el plantel para saber quien se har\u00e1 cargo finalmente de la banca. \u00abEstamos tranquilos, no desesperados por el t\u00e9cnico de eso se encarga la dirigencia. Trabajaremos con lo que nos diga Valencia o si llega otro lo iremos viendo\u00bb.<\/p>\n<p>Finalmente coment\u00f3 que su vuelta a las canchas lo hizo a media m\u00e1quina. \u00ab<strong>No estaba bien fisicamente, pude darle un empuje al equipo con los que entramos<\/strong>. Estoy contento porque volv\u00ed y a preparase fisicamente para estar bien en los pr\u00f3ximos partidos\u00bb.<\/p>\n<p style=\"text-align: center;\"><strong>REVISA LAS DECLARACIONES DEL VENEZOLANO EN EL SIGUIENTE VIDEO<\/strong><\/p>\n<p><iframe loading=\"lazy\" style=\"border: none; overflow: hidden;\" src=\"https:\/\/www.facebook.com\/plugins\/video.php?href=https%3A%2F%2Fwww.facebook.com%2Frincondelbulla.cl%2Fvideos%2F1918845974815416%2F&amp;show_text=0&amp;width=560\" width=\"560\" height=\"314\" frameborder=\"0\" scrolling=\"no\" allowfullscreen=\"allowfullscreen\"><\/iframe><\/p>\n","protected":false},"excerpt":{"rendered":"<p>El habilidoso atacante volvi\u00f3 a ver f\u00fatbol luego de un desgarro.<\/p>\n","protected":false},"author":21398,"featured_media":13943,"comment_status":"closed","ping_status":"open","sticky":false,"template":"","format":"standard","meta":{"footnotes":""},"categories":[18],"tags":[454,71,102,294,1341],"class_list":{"0":"post-14640","1":"post","2":"type-post","3":"status-publish","4":"format-standard","5":"has-post-thumbnail","7":"category-actualidad","8":"tag-actualidad","9":"tag-clasico-universitario","10":"tag-los-de-abajo","11":"tag-u-de-chile","12":"tag-yeferson-soteldo"},"_links":{"self":[{"href":"https:\/\/www.rincondelbulla.cl\/portal\/wp-json\/wp\/v2\/posts\/14640","targetHints":{"allow":["GET"]}}],"collection":[{"href":"https:\/\/www.rincondelbulla.cl\/portal\/wp-json\/wp\/v2\/posts"}],"about":[{"href":"https:\/\/www.rincondelbulla.cl\/portal\/wp-json\/wp\/v2\/types\/post"}],"author":[{"embeddable":true,"href":"https:\/\/www.rincondelbulla.cl\/portal\/wp-json\/wp\/v2\/users\/21398"}],"replies":[{"embeddable":true,"href":"https:\/\/www.rincondelbulla.cl\/portal\/wp-json\/wp\/v2\/comments?post=14640"}],"version-history":[{"count":1,"href":"https:\/\/www.rincondelbulla.cl\/portal\/wp-json\/wp\/v2\/posts\/14640\/revisions"}],"predecessor-version":[{"id":14641,"href":"https:\/\/www.rincondelbulla.cl\/portal\/wp-json\/wp\/v2\/posts\/14640\/revisions\/14641"}],"wp:featuredmedia":[{"embeddable":true,"href":"https:\/\/www.rincondelbulla.cl\/portal\/wp-json\/wp\/v2\/media\/13943"}],"wp:attachment":[{"href":"https:\/\/www.rincondelbulla.cl\/portal\/wp-json\/wp\/v2\/media?parent=14640"}],"wp:term":[{"taxonomy":"category","embeddable":true,"href":"https:\/\/www.rincondelbulla.cl\/portal\/wp-json\/wp\/v2\/categories?post=14640"},{"taxonomy":"post_tag","embeddable":true,"href":"https:\/\/www.rincondelbulla.cl\/portal\/wp-json\/wp\/v2\/tags?post=14640"}],"curies":[{"name":"wp","href":"https:\/\/api.w.org\/{rel}","templated":true}]}}