{"id":14654,"date":"2018-05-16T12:08:07","date_gmt":"2018-05-16T16:08:07","guid":{"rendered":"http:\/\/www.rincondelbulla.cl\/portal\/?p=14654"},"modified":"2018-05-16T12:11:04","modified_gmt":"2018-05-16T16:11:04","slug":"campeon-de-la-sudamericana-mas-cerca-de-decir-adios","status":"publish","type":"post","link":"https:\/\/www.rincondelbulla.cl\/portal\/2018\/05\/16\/campeon-de-la-sudamericana-mas-cerca-de-decir-adios\/","title":{"rendered":"Campe\u00f3n de la Sudamericana m\u00e1s cerca de decir adi\u00f3s"},"content":{"rendered":"<figure id=\"attachment_7406\" aria-describedby=\"caption-attachment-7406\" style=\"width: 1000px\" class=\"wp-caption alignnone\"><img loading=\"lazy\" decoding=\"async\" class=\"wp-image-7406 size-full\" src=\"http:\/\/www.rincondelbulla.cl\/portal\/wp-content\/uploads\/2015\/07\/Mat\u00edas-Rodr\u00edguez.jpg\" alt=\"\" width=\"1000\" height=\"667\" srcset=\"https:\/\/www.rincondelbulla.cl\/portal\/wp-content\/uploads\/2015\/07\/Mat\u00edas-Rodr\u00edguez.jpg 1000w, https:\/\/www.rincondelbulla.cl\/portal\/wp-content\/uploads\/2015\/07\/Mat\u00edas-Rodr\u00edguez-300x200.jpg 300w, https:\/\/www.rincondelbulla.cl\/portal\/wp-content\/uploads\/2015\/07\/Mat\u00edas-Rodr\u00edguez-768x512.jpg 768w, https:\/\/www.rincondelbulla.cl\/portal\/wp-content\/uploads\/2015\/07\/Mat\u00edas-Rodr\u00edguez-696x464.jpg 696w, https:\/\/www.rincondelbulla.cl\/portal\/wp-content\/uploads\/2015\/07\/Mat\u00edas-Rodr\u00edguez-630x420.jpg 630w\" sizes=\"auto, (max-width: 1000px) 100vw, 1000px\" \/><figcaption id=\"caption-attachment-7406\" class=\"wp-caption-text\">Foto: Claudio C\u00e1ceres<\/figcaption><\/figure>\n<p><strong>Azul Azul no estar\u00eda interesada en renovarle su contrato, pese a que su intenci\u00f3n es retirarse en el club. Seleccionado chileno suena como su reemplazante.<\/strong><!--more--><\/p>\n<p>Seg\u00fan asegur\u00f3 a Diario El Mercurio Danilo M\u00e9ndez, representante de Mat\u00edas Rodr\u00edguez, el jugador no continuar\u00eda en Universidad de Chile el pr\u00f3ximo semestre.<\/p>\n<p>Esto porque pese a culminar con su contrato en junio, la concesionaria no estar\u00eda interesada en seguir contando con los servicios del lateral campe\u00f3n de la Copa Sudamericana 2011 con la \u201cU\u201d.<\/p>\n<p>\u00ab<strong>Mat\u00edas deseaba retirarse en el club, pero Azul Azul no le quiere renovar,\u00a0Es casi imposible que siga<\/strong>\u00ab, asegur\u00f3 M\u00e9ndez al matutino de circulaci\u00f3n nacional.<\/p>\n<p>Ante esta negativa, el representante indic\u00f3 que Rodr\u00edguez no se cierra a continuar su carrera en otro club internacional. <strong>\u00abNo podemos quedarnos de brazos cruzados. Mat\u00edas tiene decidido que si debe ir a jugar a otro pa\u00eds, su familia se quedar\u00e1 en Chile, porque ac\u00e1 est\u00e1n muy c\u00f3modos\u00bb<\/strong>, agreg\u00f3.<\/p>\n<p>De no continuar Mat\u00edas Rodr\u00edguez, hace unas semanas ronda el nombre de Mauricio Isla como su posible reemplazante. Es m\u00e1s, Azul Azul estar\u00eda convencido de repatriar al seleccionado nacional pensando en la segunda parte del 2018.<\/p>\n","protected":false},"excerpt":{"rendered":"<p>Azul Azul no estar\u00eda interesada en renovarle su contrato, pese a que su intenci\u00f3n es retirarse en el club. Seleccionado chileno suena como su reemplazante.<\/p>\n","protected":false},"author":21382,"featured_media":4336,"comment_status":"closed","ping_status":"open","sticky":false,"template":"","format":"standard","meta":{"footnotes":""},"categories":[18],"tags":[454,174,381,65,1477,157,294,156],"class_list":{"0":"post-14654","1":"post","2":"type-post","3":"status-publish","4":"format-standard","5":"has-post-thumbnail","7":"category-actualidad","8":"tag-actualidad","9":"tag-azul-azul","10":"tag-diario-el-mercurio","11":"tag-matias-rodriguez","12":"tag-mauricio-isla","13":"tag-portada","14":"tag-u-de-chile","15":"tag-universidad-de-chile"},"_links":{"self":[{"href":"https:\/\/www.rincondelbulla.cl\/portal\/wp-json\/wp\/v2\/posts\/14654","targetHints":{"allow":["GET"]}}],"collection":[{"href":"https:\/\/www.rincondelbulla.cl\/portal\/wp-json\/wp\/v2\/posts"}],"about":[{"href":"https:\/\/www.rincondelbulla.cl\/portal\/wp-json\/wp\/v2\/types\/post"}],"author":[{"embeddable":true,"href":"https:\/\/www.rincondelbulla.cl\/portal\/wp-json\/wp\/v2\/users\/21382"}],"replies":[{"embeddable":true,"href":"https:\/\/www.rincondelbulla.cl\/portal\/wp-json\/wp\/v2\/comments?post=14654"}],"version-history":[{"count":2,"href":"https:\/\/www.rincondelbulla.cl\/portal\/wp-json\/wp\/v2\/posts\/14654\/revisions"}],"predecessor-version":[{"id":14656,"href":"https:\/\/www.rincondelbulla.cl\/portal\/wp-json\/wp\/v2\/posts\/14654\/revisions\/14656"}],"wp:featuredmedia":[{"embeddable":true,"href":"https:\/\/www.rincondelbulla.cl\/portal\/wp-json\/wp\/v2\/media\/4336"}],"wp:attachment":[{"href":"https:\/\/www.rincondelbulla.cl\/portal\/wp-json\/wp\/v2\/media?parent=14654"}],"wp:term":[{"taxonomy":"category","embeddable":true,"href":"https:\/\/www.rincondelbulla.cl\/portal\/wp-json\/wp\/v2\/categories?post=14654"},{"taxonomy":"post_tag","embeddable":true,"href":"https:\/\/www.rincondelbulla.cl\/portal\/wp-json\/wp\/v2\/tags?post=14654"}],"curies":[{"name":"wp","href":"https:\/\/api.w.org\/{rel}","templated":true}]}}