{"id":14684,"date":"2018-05-18T13:55:54","date_gmt":"2018-05-18T17:55:54","guid":{"rendered":"http:\/\/www.rincondelbulla.cl\/portal\/?p=14684"},"modified":"2018-05-18T13:55:54","modified_gmt":"2018-05-18T17:55:54","slug":"la-u-ya-tiene-rival-en-copa-chile","status":"publish","type":"post","link":"https:\/\/www.rincondelbulla.cl\/portal\/2018\/05\/18\/la-u-ya-tiene-rival-en-copa-chile\/","title":{"rendered":"La \u00abU\u00bb ya tiene rival en Copa Chile"},"content":{"rendered":"<p><img loading=\"lazy\" decoding=\"async\" class=\"alignnone size-full wp-image-7686\" src=\"http:\/\/www.rincondelbulla.cl\/portal\/wp-content\/uploads\/2015\/09\/Copa-Chile.jpg\" alt=\"\" width=\"600\" height=\"400\" srcset=\"https:\/\/www.rincondelbulla.cl\/portal\/wp-content\/uploads\/2015\/09\/Copa-Chile.jpg 600w, https:\/\/www.rincondelbulla.cl\/portal\/wp-content\/uploads\/2015\/09\/Copa-Chile-300x200.jpg 300w\" sizes=\"auto, (max-width: 600px) 100vw, 600px\" \/><strong>Los azules tendr\u00e1n que desplazarse a la regi\u00f3n de Coquimbo.<\/strong><!--more--><\/p>\n<p>La Copa Chile sigue avanzando y la ANFP dio a conocer las llaves de la segunda fase, donde al fin entrar\u00e1n en competencia los azules.<\/p>\n<p>En esta ocasi\u00f3n el \u00abRom\u00e1ntico Viajero\u00bb deber\u00e1 trasladarse hasta la regi\u00f3n de Coquimbo para <strong>enfrentar a La Serena el pr\u00f3ximo domingo 10 de junio<\/strong> en el estadio La Portada.<\/p>\n<p>El partido se jugar\u00e1 a las 15 horas y ser\u00e1 transmitido por el CDF.<\/p>\n","protected":false},"excerpt":{"rendered":"<p>Los azules tendr\u00e1n que desplazarse a la regi\u00f3n de Coquimbo.<\/p>\n","protected":false},"author":21398,"featured_media":13019,"comment_status":"closed","ping_status":"open","sticky":false,"template":"","format":"standard","meta":{"footnotes":""},"categories":[18],"tags":[454,154,504,294],"class_list":{"0":"post-14684","1":"post","2":"type-post","3":"status-publish","4":"format-standard","5":"has-post-thumbnail","7":"category-actualidad","8":"tag-actualidad","9":"tag-copa-chile","10":"tag-la-serena","11":"tag-u-de-chile"},"_links":{"self":[{"href":"https:\/\/www.rincondelbulla.cl\/portal\/wp-json\/wp\/v2\/posts\/14684","targetHints":{"allow":["GET"]}}],"collection":[{"href":"https:\/\/www.rincondelbulla.cl\/portal\/wp-json\/wp\/v2\/posts"}],"about":[{"href":"https:\/\/www.rincondelbulla.cl\/portal\/wp-json\/wp\/v2\/types\/post"}],"author":[{"embeddable":true,"href":"https:\/\/www.rincondelbulla.cl\/portal\/wp-json\/wp\/v2\/users\/21398"}],"replies":[{"embeddable":true,"href":"https:\/\/www.rincondelbulla.cl\/portal\/wp-json\/wp\/v2\/comments?post=14684"}],"version-history":[{"count":1,"href":"https:\/\/www.rincondelbulla.cl\/portal\/wp-json\/wp\/v2\/posts\/14684\/revisions"}],"predecessor-version":[{"id":14685,"href":"https:\/\/www.rincondelbulla.cl\/portal\/wp-json\/wp\/v2\/posts\/14684\/revisions\/14685"}],"wp:featuredmedia":[{"embeddable":true,"href":"https:\/\/www.rincondelbulla.cl\/portal\/wp-json\/wp\/v2\/media\/13019"}],"wp:attachment":[{"href":"https:\/\/www.rincondelbulla.cl\/portal\/wp-json\/wp\/v2\/media?parent=14684"}],"wp:term":[{"taxonomy":"category","embeddable":true,"href":"https:\/\/www.rincondelbulla.cl\/portal\/wp-json\/wp\/v2\/categories?post=14684"},{"taxonomy":"post_tag","embeddable":true,"href":"https:\/\/www.rincondelbulla.cl\/portal\/wp-json\/wp\/v2\/tags?post=14684"}],"curies":[{"name":"wp","href":"https:\/\/api.w.org\/{rel}","templated":true}]}}