{"id":14686,"date":"2018-05-18T22:16:23","date_gmt":"2018-05-19T02:16:23","guid":{"rendered":"http:\/\/www.rincondelbulla.cl\/portal\/?p=14686"},"modified":"2018-05-18T23:33:54","modified_gmt":"2018-05-19T03:33:54","slug":"la-u-sigue-sin-salir-del-pozl","status":"publish","type":"post","link":"https:\/\/www.rincondelbulla.cl\/portal\/2018\/05\/18\/la-u-sigue-sin-salir-del-pozl\/","title":{"rendered":"La U sigue sin salir del pozo y ahora cay\u00f3 ante Palestino"},"content":{"rendered":"<figure id=\"attachment_14693\" aria-describedby=\"caption-attachment-14693\" style=\"width: 1280px\" class=\"wp-caption aligncenter\"><img loading=\"lazy\" decoding=\"async\" class=\"size-full wp-image-14693\" src=\"http:\/\/www.rincondelbulla.cl\/portal\/wp-content\/uploads\/2018\/05\/WhatsApp-Image-2018-05-18-at-23.00.58.jpeg\" alt=\"\" width=\"1280\" height=\"853\" srcset=\"https:\/\/www.rincondelbulla.cl\/portal\/wp-content\/uploads\/2018\/05\/WhatsApp-Image-2018-05-18-at-23.00.58.jpeg 1280w, https:\/\/www.rincondelbulla.cl\/portal\/wp-content\/uploads\/2018\/05\/WhatsApp-Image-2018-05-18-at-23.00.58-300x200.jpeg 300w, https:\/\/www.rincondelbulla.cl\/portal\/wp-content\/uploads\/2018\/05\/WhatsApp-Image-2018-05-18-at-23.00.58-768x512.jpeg 768w, https:\/\/www.rincondelbulla.cl\/portal\/wp-content\/uploads\/2018\/05\/WhatsApp-Image-2018-05-18-at-23.00.58-1200x800.jpeg 1200w, https:\/\/www.rincondelbulla.cl\/portal\/wp-content\/uploads\/2018\/05\/WhatsApp-Image-2018-05-18-at-23.00.58-696x464.jpeg 696w, https:\/\/www.rincondelbulla.cl\/portal\/wp-content\/uploads\/2018\/05\/WhatsApp-Image-2018-05-18-at-23.00.58-1068x712.jpeg 1068w, https:\/\/www.rincondelbulla.cl\/portal\/wp-content\/uploads\/2018\/05\/WhatsApp-Image-2018-05-18-at-23.00.58-630x420.jpeg 630w\" sizes=\"auto, (max-width: 1280px) 100vw, 1280px\" \/><figcaption id=\"caption-attachment-14693\" class=\"wp-caption-text\">Foto: Patricio Gonz\u00e1lez<\/figcaption><\/figure>\n<p>Los dirigidos por Esteban Valencia se llenan de dudas de cara a su \u00faltimo duelo por la fase grupal de Copa Libertadores.<!--more--><\/p>\n<p>La U llegaba al Nacional con el impulso de no conocer de derrotas en sus \u00faltimos dos duelos y con un rival en plena crisis deportiva.<\/p>\n<p>Todo indicaba que ser\u00eda un partido de un f\u00e1cil tr\u00e1mite, cuando a los nueve minutos Nicol\u00e1s Guerra anotaba la apertura del marcador.<\/p>\n<p>Sin embargo la U sucumbi\u00f3 ante sus rivales y nuevamente los errores defensivos le pasaron la cuenta, Palestino aprovech\u00f3 la inseguridad en la zaga azul para revertir el marcador y llevarse los tres puntos al ganarle a los azules por 1-2.<\/p>\n<p>Por si fuera poco, Lorenzo Reyes nuevamente fue expulsado, demostrando que el Lolo pasa por un mal momento an\u00edmico, al igual que gran parte del equipo.<\/p>\n<p>La U se aleja de los l\u00edderes y sigue sin salir de la crisis futbol\u00edstica, que hace unas semanas le cost\u00f3 el puesto Guillermo Hoyos.<\/p>\n","protected":false},"excerpt":{"rendered":"<p>Los dirigidos por Esteban Valencia se llenan de dudas de cara a su \u00faltimo duelo por la fase grupal de Copa Libertadores.<\/p>\n","protected":false},"author":56,"featured_media":14693,"comment_status":"closed","ping_status":"open","sticky":false,"template":"","format":"standard","meta":{"footnotes":""},"categories":[18],"tags":[454,1480,102,156],"class_list":{"0":"post-14686","1":"post","2":"type-post","3":"status-publish","4":"format-standard","5":"has-post-thumbnail","7":"category-actualidad","8":"tag-actualidad","9":"tag-avtualidad","10":"tag-los-de-abajo","11":"tag-universidad-de-chile"},"_links":{"self":[{"href":"https:\/\/www.rincondelbulla.cl\/portal\/wp-json\/wp\/v2\/posts\/14686","targetHints":{"allow":["GET"]}}],"collection":[{"href":"https:\/\/www.rincondelbulla.cl\/portal\/wp-json\/wp\/v2\/posts"}],"about":[{"href":"https:\/\/www.rincondelbulla.cl\/portal\/wp-json\/wp\/v2\/types\/post"}],"author":[{"embeddable":true,"href":"https:\/\/www.rincondelbulla.cl\/portal\/wp-json\/wp\/v2\/users\/56"}],"replies":[{"embeddable":true,"href":"https:\/\/www.rincondelbulla.cl\/portal\/wp-json\/wp\/v2\/comments?post=14686"}],"version-history":[{"count":5,"href":"https:\/\/www.rincondelbulla.cl\/portal\/wp-json\/wp\/v2\/posts\/14686\/revisions"}],"predecessor-version":[{"id":14695,"href":"https:\/\/www.rincondelbulla.cl\/portal\/wp-json\/wp\/v2\/posts\/14686\/revisions\/14695"}],"wp:featuredmedia":[{"embeddable":true,"href":"https:\/\/www.rincondelbulla.cl\/portal\/wp-json\/wp\/v2\/media\/14693"}],"wp:attachment":[{"href":"https:\/\/www.rincondelbulla.cl\/portal\/wp-json\/wp\/v2\/media?parent=14686"}],"wp:term":[{"taxonomy":"category","embeddable":true,"href":"https:\/\/www.rincondelbulla.cl\/portal\/wp-json\/wp\/v2\/categories?post=14686"},{"taxonomy":"post_tag","embeddable":true,"href":"https:\/\/www.rincondelbulla.cl\/portal\/wp-json\/wp\/v2\/tags?post=14686"}],"curies":[{"name":"wp","href":"https:\/\/api.w.org\/{rel}","templated":true}]}}