{"id":14701,"date":"2018-05-19T10:41:09","date_gmt":"2018-05-19T14:41:09","guid":{"rendered":"http:\/\/www.rincondelbulla.cl\/portal\/?p=14701"},"modified":"2018-05-19T11:02:57","modified_gmt":"2018-05-19T15:02:57","slug":"gustavo-lorenzetti-y-la-final-ante-vasco-tenemos-que-asegura-la-clasificacion-a-la-sudamericana-es-obligacion-clasificar","status":"publish","type":"post","link":"https:\/\/www.rincondelbulla.cl\/portal\/2018\/05\/19\/gustavo-lorenzetti-y-la-final-ante-vasco-tenemos-que-asegura-la-clasificacion-a-la-sudamericana-es-obligacion-clasificar\/","title":{"rendered":"Gustavo Lorenzetti y la \u00abfinal\u00bb ante Vasco: \u00abEs obligaci\u00f3n clasificar a la Sudamericana\u00bb"},"content":{"rendered":"<p><img loading=\"lazy\" decoding=\"async\" class=\"alignnone size-full wp-image-14634\" src=\"http:\/\/www.rincondelbulla.cl\/portal\/wp-content\/uploads\/2018\/05\/LORENZETTI.jpeg\" alt=\"\" width=\"1280\" height=\"853\" srcset=\"https:\/\/www.rincondelbulla.cl\/portal\/wp-content\/uploads\/2018\/05\/LORENZETTI.jpeg 1280w, https:\/\/www.rincondelbulla.cl\/portal\/wp-content\/uploads\/2018\/05\/LORENZETTI-300x200.jpeg 300w, https:\/\/www.rincondelbulla.cl\/portal\/wp-content\/uploads\/2018\/05\/LORENZETTI-768x512.jpeg 768w, https:\/\/www.rincondelbulla.cl\/portal\/wp-content\/uploads\/2018\/05\/LORENZETTI-1200x800.jpeg 1200w, https:\/\/www.rincondelbulla.cl\/portal\/wp-content\/uploads\/2018\/05\/LORENZETTI-696x464.jpeg 696w, https:\/\/www.rincondelbulla.cl\/portal\/wp-content\/uploads\/2018\/05\/LORENZETTI-1068x712.jpeg 1068w, https:\/\/www.rincondelbulla.cl\/portal\/wp-content\/uploads\/2018\/05\/LORENZETTI-630x420.jpeg 630w\" sizes=\"auto, (max-width: 1280px) 100vw, 1280px\" \/><\/p>\n<p><strong>El capit\u00e1n ante los \u00e1rabes se refiri\u00f3 a la nueva derrota, su expulsi\u00f3n y el pr\u00f3ximo desaf\u00edo ante Vasco Da Gama.<\/strong><!--more-->Ofuscado y dolido se manifest\u00f3 Gustavo Lorenzetti tras la derrota por 2-1 de Universidad de Chile ante Palestino, la noche de este viernes en el Estadio Nacional.<\/p>\n<p><strong>\u00abHab\u00edamos arrancado muy bien hasta el empate de ellos. Fue un golpe duro para nosotros y creo que ah\u00ed bajamos bastante. En una mala salida nos agarraron mal parados y encuentran el 2-1, ah\u00ed se hizo todo cuesta arriba. El equipo no estuvo tan lucido como otras veces y nos cost\u00f3\u00bb<\/strong>, asegur\u00f3 el volante a la hora de la autocr\u00edtica.<\/p>\n<p>Adem\u00e1s, Lorenzetti protagoniz\u00f3 una confusa incidencia, tras er expulsado cuando estaba en la banca por reclamos tras el no cobro de un aclara falta -que pudo ser penal- en contra de Armando Cooper. El jugador responsabiliza al juez de l\u00ednea que corr\u00eda por frente al banco azul de la infracci\u00f3n no sancionada. <strong>\u00abMe sorprendi\u00f3, porque adentro de la cancha uno escucha barbaridades que se le dice y no pasa nada y a m\u00ed, por una simple protesta, de algo encima ten\u00eda raz\u00f3n y que se vio a 100 metros y \u00e9l no lo pudo apreciar a 20, me termina echando\u00bb<\/strong>.<\/p>\n<p>Con la derrota ya consumada, la \u00abU\u00bb debe pensar en el partido ante Vasco Da Gama este martes por Copa Conmebol Libertadores, que podr\u00eda asegurar continuar disputando la Conmebol Sudamericana, enfrentamiento que fue calificado como \u00abuna final\u00bb.\u00a0<strong>\u00abTenemos que asegura la clasificaci\u00f3n a la Sudamericana. L\u00f3gicamente es un obligaci\u00f3n clasificar, cerramos en casa y es un partido que no se puede perder\u00bb<\/strong>, indic\u00f3 Lorenzetti.<\/p>\n<p>Sobre el futuro de su compa\u00f1ero y amigo Mat\u00edas Rodr\u00edguez, el \u00abDuende\u00bb reconoci\u00f3 que en el circulo cercano existe \u00abincertidumbre\u00bb por su continuidad en el club. <strong>\u00abSeguramente \u00e9l va a tomar la mejor opci\u00f3n y lo que mejor se le d\u00e9. Ojal\u00e1 siga con nosotros porque es un aporte dentro y fuera de la cancha\u00bb<\/strong>.<\/p>\n","protected":false},"excerpt":{"rendered":"<p>El capit\u00e1n ante los \u00e1rabes se refiri\u00f3 a la nueva derrota, su expulsi\u00f3n y el pr\u00f3ximo desaf\u00edo ante Vasco Da Gama.<\/p>\n","protected":false},"author":21382,"featured_media":14634,"comment_status":"closed","ping_status":"open","sticky":false,"template":"","format":"standard","meta":{"footnotes":""},"categories":[18],"tags":[454,1467,78,457,157,294,156,1404],"class_list":{"0":"post-14701","1":"post","2":"type-post","3":"status-publish","4":"format-standard","5":"has-post-thumbnail","7":"category-actualidad","8":"tag-actualidad","9":"tag-conmebol-libertadores","10":"tag-gustavo-lorenzetti","11":"tag-palestino","12":"tag-portada","13":"tag-u-de-chile","14":"tag-universidad-de-chile","15":"tag-vasco-da-gama"},"_links":{"self":[{"href":"https:\/\/www.rincondelbulla.cl\/portal\/wp-json\/wp\/v2\/posts\/14701","targetHints":{"allow":["GET"]}}],"collection":[{"href":"https:\/\/www.rincondelbulla.cl\/portal\/wp-json\/wp\/v2\/posts"}],"about":[{"href":"https:\/\/www.rincondelbulla.cl\/portal\/wp-json\/wp\/v2\/types\/post"}],"author":[{"embeddable":true,"href":"https:\/\/www.rincondelbulla.cl\/portal\/wp-json\/wp\/v2\/users\/21382"}],"replies":[{"embeddable":true,"href":"https:\/\/www.rincondelbulla.cl\/portal\/wp-json\/wp\/v2\/comments?post=14701"}],"version-history":[{"count":2,"href":"https:\/\/www.rincondelbulla.cl\/portal\/wp-json\/wp\/v2\/posts\/14701\/revisions"}],"predecessor-version":[{"id":14703,"href":"https:\/\/www.rincondelbulla.cl\/portal\/wp-json\/wp\/v2\/posts\/14701\/revisions\/14703"}],"wp:featuredmedia":[{"embeddable":true,"href":"https:\/\/www.rincondelbulla.cl\/portal\/wp-json\/wp\/v2\/media\/14634"}],"wp:attachment":[{"href":"https:\/\/www.rincondelbulla.cl\/portal\/wp-json\/wp\/v2\/media?parent=14701"}],"wp:term":[{"taxonomy":"category","embeddable":true,"href":"https:\/\/www.rincondelbulla.cl\/portal\/wp-json\/wp\/v2\/categories?post=14701"},{"taxonomy":"post_tag","embeddable":true,"href":"https:\/\/www.rincondelbulla.cl\/portal\/wp-json\/wp\/v2\/tags?post=14701"}],"curies":[{"name":"wp","href":"https:\/\/api.w.org\/{rel}","templated":true}]}}