{"id":14735,"date":"2018-05-25T19:59:13","date_gmt":"2018-05-25T23:59:13","guid":{"rendered":"http:\/\/www.rincondelbulla.cl\/portal\/?p=14735"},"modified":"2018-05-28T21:46:56","modified_gmt":"2018-05-29T01:46:56","slug":"johnny-no-tendria-renovacion-de-contrato","status":"publish","type":"post","link":"https:\/\/www.rincondelbulla.cl\/portal\/2018\/05\/25\/johnny-no-tendria-renovacion-de-contrato\/","title":{"rendered":"Johnny no tendr\u00eda renovaci\u00f3n de contrato"},"content":{"rendered":"<p>&nbsp;<\/p>\n<figure id=\"attachment_14591\" aria-describedby=\"caption-attachment-14591\" style=\"width: 1280px\" class=\"wp-caption alignnone\"><img loading=\"lazy\" decoding=\"async\" class=\"size-full wp-image-14591\" src=\"http:\/\/www.rincondelbulla.cl\/portal\/wp-content\/uploads\/2018\/05\/WhatsApp-Image-2018-05-04-at-13.55.50.jpeg\" alt=\"\" width=\"1280\" height=\"735\" srcset=\"https:\/\/www.rincondelbulla.cl\/portal\/wp-content\/uploads\/2018\/05\/WhatsApp-Image-2018-05-04-at-13.55.50.jpeg 1280w, https:\/\/www.rincondelbulla.cl\/portal\/wp-content\/uploads\/2018\/05\/WhatsApp-Image-2018-05-04-at-13.55.50-300x172.jpeg 300w, https:\/\/www.rincondelbulla.cl\/portal\/wp-content\/uploads\/2018\/05\/WhatsApp-Image-2018-05-04-at-13.55.50-768x441.jpeg 768w, https:\/\/www.rincondelbulla.cl\/portal\/wp-content\/uploads\/2018\/05\/WhatsApp-Image-2018-05-04-at-13.55.50-1200x689.jpeg 1200w, https:\/\/www.rincondelbulla.cl\/portal\/wp-content\/uploads\/2018\/05\/WhatsApp-Image-2018-05-04-at-13.55.50-696x400.jpeg 696w, https:\/\/www.rincondelbulla.cl\/portal\/wp-content\/uploads\/2018\/05\/WhatsApp-Image-2018-05-04-at-13.55.50-1068x613.jpeg 1068w, https:\/\/www.rincondelbulla.cl\/portal\/wp-content\/uploads\/2018\/05\/WhatsApp-Image-2018-05-04-at-13.55.50-731x420.jpeg 731w\" sizes=\"auto, (max-width: 1280px) 100vw, 1280px\" \/><figcaption id=\"caption-attachment-14591\" class=\"wp-caption-text\">Foto: Rodrigo Saenz &#8211; Agencia Uno<\/figcaption><\/figure>\n<p><strong>Seg\u00fan constatan fuentes desde la concesionaria, la \u00abU\u00bb estar\u00eda en un plan de rejuvenecer el plantel.<\/strong><!--more--><\/p>\n<p>El 2016 se vivi\u00f3 un fuerte encontr\u00f3n entre Johnny Herrera y Carlos Heller, donde en declaraciones cruzadas se vivi\u00f3 la renovaci\u00f3n de contrato del portero que termina al final de este 2018.<\/p>\n<p>Pero resulta que al parecer el capit\u00e1n de los azules no tendr\u00eda un nuevo cap\u00edtulo en la \u00abU\u00bb, esto luego de que la gerencia deportiva de Azul Azul no lo tiene en carpeta ya que pretende rejuvenecer el plantel seg\u00fan informa el diario La Cuarta.<\/p>\n<p>La intenci\u00f3n de Johnny es continuar en el cuadro laico y poder retirarse con la camiseta que m\u00e1s ha defendido, lo que se ver\u00eda en contraposici\u00f3n a la opci\u00f3n de la concesionaria que rige los destinos de la \u00abU\u00bb.<\/p>\n<p>De todas maneras ser\u00e1 algo que se resolver\u00e1 en el segundo semestre y que por el momento no le genera ruido al portero.<\/p>\n<p>Herrera no ha escondido sus deseos de seguir jugando al menos una temporada m\u00e1s, por lo que la opci\u00f3n de verlo vestir otra camiseta tampoco es lejana. Everton de Vi\u00f1a del Mar, con quienes fue campe\u00f3n en 2008, podr\u00eda ser una alternativa interesante para el &#8216;Samurai&#8217; .<\/p>\n","protected":false},"excerpt":{"rendered":"<p>&nbsp; Seg\u00fan constatan fuentes desde la concesionaria, la \u00abU\u00bb estar\u00eda en un plan de rejuvenecer el plantel.<\/p>\n","protected":false},"author":21382,"featured_media":14591,"comment_status":"closed","ping_status":"open","sticky":false,"template":"","format":"standard","meta":{"footnotes":""},"categories":[18],"tags":[454,174,192,41,157,294,156],"class_list":{"0":"post-14735","1":"post","2":"type-post","3":"status-publish","4":"format-standard","5":"has-post-thumbnail","7":"category-actualidad","8":"tag-actualidad","9":"tag-azul-azul","10":"tag-carlos-heller","11":"tag-johnny-herrera","12":"tag-portada","13":"tag-u-de-chile","14":"tag-universidad-de-chile"},"_links":{"self":[{"href":"https:\/\/www.rincondelbulla.cl\/portal\/wp-json\/wp\/v2\/posts\/14735","targetHints":{"allow":["GET"]}}],"collection":[{"href":"https:\/\/www.rincondelbulla.cl\/portal\/wp-json\/wp\/v2\/posts"}],"about":[{"href":"https:\/\/www.rincondelbulla.cl\/portal\/wp-json\/wp\/v2\/types\/post"}],"author":[{"embeddable":true,"href":"https:\/\/www.rincondelbulla.cl\/portal\/wp-json\/wp\/v2\/users\/21382"}],"replies":[{"embeddable":true,"href":"https:\/\/www.rincondelbulla.cl\/portal\/wp-json\/wp\/v2\/comments?post=14735"}],"version-history":[{"count":4,"href":"https:\/\/www.rincondelbulla.cl\/portal\/wp-json\/wp\/v2\/posts\/14735\/revisions"}],"predecessor-version":[{"id":14774,"href":"https:\/\/www.rincondelbulla.cl\/portal\/wp-json\/wp\/v2\/posts\/14735\/revisions\/14774"}],"wp:featuredmedia":[{"embeddable":true,"href":"https:\/\/www.rincondelbulla.cl\/portal\/wp-json\/wp\/v2\/media\/14591"}],"wp:attachment":[{"href":"https:\/\/www.rincondelbulla.cl\/portal\/wp-json\/wp\/v2\/media?parent=14735"}],"wp:term":[{"taxonomy":"category","embeddable":true,"href":"https:\/\/www.rincondelbulla.cl\/portal\/wp-json\/wp\/v2\/categories?post=14735"},{"taxonomy":"post_tag","embeddable":true,"href":"https:\/\/www.rincondelbulla.cl\/portal\/wp-json\/wp\/v2\/tags?post=14735"}],"curies":[{"name":"wp","href":"https:\/\/api.w.org\/{rel}","templated":true}]}}