{"id":14793,"date":"2018-06-09T22:39:34","date_gmt":"2018-06-10T02:39:34","guid":{"rendered":"http:\/\/www.rincondelbulla.cl\/portal\/?p=14793"},"modified":"2018-06-09T22:39:34","modified_gmt":"2018-06-10T02:39:34","slug":"la-previa-la-u-inicia-el-segundo-semestre-ante-serena-por-copa-chile","status":"publish","type":"post","link":"https:\/\/www.rincondelbulla.cl\/portal\/2018\/06\/09\/la-previa-la-u-inicia-el-segundo-semestre-ante-serena-por-copa-chile\/","title":{"rendered":"La Previa: La U inicia el segundo semestre ante Serena por Copa Chile"},"content":{"rendered":"<figure id=\"attachment_11306\" aria-describedby=\"caption-attachment-11306\" style=\"width: 960px\" class=\"wp-caption aligncenter\"><img loading=\"lazy\" decoding=\"async\" class=\"size-full wp-image-11306\" src=\"http:\/\/www.rincondelbulla.cl\/portal\/wp-content\/uploads\/2017\/04\/13681008_10209022538374157_9056019029101702445_n.jpg\" alt=\"\" width=\"960\" height=\"639\" srcset=\"https:\/\/www.rincondelbulla.cl\/portal\/wp-content\/uploads\/2017\/04\/13681008_10209022538374157_9056019029101702445_n.jpg 960w, https:\/\/www.rincondelbulla.cl\/portal\/wp-content\/uploads\/2017\/04\/13681008_10209022538374157_9056019029101702445_n-300x200.jpg 300w, https:\/\/www.rincondelbulla.cl\/portal\/wp-content\/uploads\/2017\/04\/13681008_10209022538374157_9056019029101702445_n-768x511.jpg 768w, https:\/\/www.rincondelbulla.cl\/portal\/wp-content\/uploads\/2017\/04\/13681008_10209022538374157_9056019029101702445_n-696x463.jpg 696w, https:\/\/www.rincondelbulla.cl\/portal\/wp-content\/uploads\/2017\/04\/13681008_10209022538374157_9056019029101702445_n-631x420.jpg 631w\" sizes=\"auto, (max-width: 960px) 100vw, 960px\" \/><figcaption id=\"caption-attachment-11306\" class=\"wp-caption-text\">Foto: Patricio Gonz\u00e1lez<\/figcaption><\/figure>\n<p><strong>El duelo marcar\u00e1 el debut de Kudelka en la banca azul.<\/strong><!--more--><\/p>\n<p>El Rom\u00e1ntico Viajero visitar\u00e1 a Deportes La Serena este domingo a partir de las 15:00 hrs. en lo que marcar\u00e1 el inicio oficial del segundo semestre para el equipo.<\/p>\n<p>Los azules llegan con un cuerpo t\u00e9cnico renovado, encabezado por el argentino Frank Kudelka, quien lleva una semana trabajando con el primer equipo y ya da luces de su estilo de juego, con charlas motivacionales que apuntan a que el equipo debe ganar todas las competencias en las que participe.<\/p>\n<p>Recordemos que la U cerr\u00f3 un negativo primer semestre con un baj\u00edsimo rendimiento y varios jugadores cuestionados por la hinchada debido a su discreto rendimiento.<\/p>\n<p>La posible formaci\u00f3n que presentar\u00e1 Universidad de Chile este domingo est\u00e1 encabezada por el regreso a la titularidad del Capit\u00e1n Johnny Herrera, as\u00ed la jugar\u00eda con: Herrera; Shultz, Jara, Vaz y Beausejour; Seymour, Leiva y Lorenzentti; Arancibia, Benegas y Soteldo.<\/p>\n<p>Desde ya los dejamos invitados para seguir todos los detalles de este encuentro en el Fan Page de Rinc\u00f3n del Bulla, con toda la informaci\u00f3n desde el Estadio La Portada.<\/p>\n","protected":false},"excerpt":{"rendered":"<p>El duelo marcar\u00e1 el debut de Kudelka en la banca azul.<\/p>\n","protected":false},"author":56,"featured_media":11306,"comment_status":"closed","ping_status":"open","sticky":false,"template":"","format":"standard","meta":{"footnotes":""},"categories":[18],"tags":[154,37,228,156],"class_list":{"0":"post-14793","1":"post","2":"type-post","3":"status-publish","4":"format-standard","5":"has-post-thumbnail","7":"category-actualidad","8":"tag-copa-chile","9":"tag-la-previa","10":"tag-rincon-del-bulla","11":"tag-universidad-de-chile"},"_links":{"self":[{"href":"https:\/\/www.rincondelbulla.cl\/portal\/wp-json\/wp\/v2\/posts\/14793","targetHints":{"allow":["GET"]}}],"collection":[{"href":"https:\/\/www.rincondelbulla.cl\/portal\/wp-json\/wp\/v2\/posts"}],"about":[{"href":"https:\/\/www.rincondelbulla.cl\/portal\/wp-json\/wp\/v2\/types\/post"}],"author":[{"embeddable":true,"href":"https:\/\/www.rincondelbulla.cl\/portal\/wp-json\/wp\/v2\/users\/56"}],"replies":[{"embeddable":true,"href":"https:\/\/www.rincondelbulla.cl\/portal\/wp-json\/wp\/v2\/comments?post=14793"}],"version-history":[{"count":1,"href":"https:\/\/www.rincondelbulla.cl\/portal\/wp-json\/wp\/v2\/posts\/14793\/revisions"}],"predecessor-version":[{"id":14794,"href":"https:\/\/www.rincondelbulla.cl\/portal\/wp-json\/wp\/v2\/posts\/14793\/revisions\/14794"}],"wp:featuredmedia":[{"embeddable":true,"href":"https:\/\/www.rincondelbulla.cl\/portal\/wp-json\/wp\/v2\/media\/11306"}],"wp:attachment":[{"href":"https:\/\/www.rincondelbulla.cl\/portal\/wp-json\/wp\/v2\/media?parent=14793"}],"wp:term":[{"taxonomy":"category","embeddable":true,"href":"https:\/\/www.rincondelbulla.cl\/portal\/wp-json\/wp\/v2\/categories?post=14793"},{"taxonomy":"post_tag","embeddable":true,"href":"https:\/\/www.rincondelbulla.cl\/portal\/wp-json\/wp\/v2\/tags?post=14793"}],"curies":[{"name":"wp","href":"https:\/\/api.w.org\/{rel}","templated":true}]}}