{"id":14806,"date":"2018-06-11T23:30:53","date_gmt":"2018-06-12T03:30:53","guid":{"rendered":"http:\/\/www.rincondelbulla.cl\/portal\/?p=14806"},"modified":"2018-06-11T23:30:53","modified_gmt":"2018-06-12T03:30:53","slug":"venta-de-entradas-vamos-en-busqueda-del-paso-a-octavos-de-final","status":"publish","type":"post","link":"https:\/\/www.rincondelbulla.cl\/portal\/2018\/06\/11\/venta-de-entradas-vamos-en-busqueda-del-paso-a-octavos-de-final\/","title":{"rendered":"[Venta de Entradas] Vamos en b\u00fasqueda del paso a octavos de final"},"content":{"rendered":"<figure id=\"attachment_14801\" aria-describedby=\"caption-attachment-14801\" style=\"width: 833px\" class=\"wp-caption alignnone\"><img loading=\"lazy\" decoding=\"async\" class=\"size-full wp-image-14801\" src=\"http:\/\/www.rincondelbulla.cl\/portal\/wp-content\/uploads\/2018\/06\/Celebraci\u00f3n-Equipo.jpg\" alt=\"\" width=\"833\" height=\"420\" srcset=\"https:\/\/www.rincondelbulla.cl\/portal\/wp-content\/uploads\/2018\/06\/Celebraci\u00f3n-Equipo.jpg 833w, https:\/\/www.rincondelbulla.cl\/portal\/wp-content\/uploads\/2018\/06\/Celebraci\u00f3n-Equipo-300x151.jpg 300w, https:\/\/www.rincondelbulla.cl\/portal\/wp-content\/uploads\/2018\/06\/Celebraci\u00f3n-Equipo-768x387.jpg 768w, https:\/\/www.rincondelbulla.cl\/portal\/wp-content\/uploads\/2018\/06\/Celebraci\u00f3n-Equipo-696x351.jpg 696w\" sizes=\"auto, (max-width: 833px) 100vw, 833px\" \/><figcaption id=\"caption-attachment-14801\" class=\"wp-caption-text\">Foto: Photosport<\/figcaption><\/figure>\n<p><strong>Pese al resultado en la ida, los dirigidos de Kudelka no quieren confiarse y para ello saldr\u00e1n a ganar ante los Papayeros.<\/strong><!--more--><\/p>\n<p>Universidad de Chile y Deportes La Serena vuelven a verse las caras este s\u00e1bado , en el Estadio Nacional, en b\u00fasqueda del paso a octavos de final de Copa Chile MTS 2018.<\/p>\n<p>Los Azules llegan con una tranquilizadora ventaja de 4-1 tras su visita a la Cuarta Regi\u00f3n, pero el t\u00e9cnico Frank Dar\u00edo Kudelka asegur\u00f3 tras el partido que no deben confiarse y saldr\u00e1n con todo para asegurar la clasificaci\u00f3n, por lo que el apoyo de los hinchas es fundamental.<\/p>\n<p>Este lunes se pusieron ala venta las entradas para el encuentro, que se disputar\u00e1 a las 19:00 hrs., en el principal reducto deportivo del pa\u00eds, ubicado en \u00d1u\u00f1oa.<\/p>\n<figure id=\"attachment_14807\" aria-describedby=\"caption-attachment-14807\" style=\"width: 625px\" class=\"wp-caption aligncenter\"><img loading=\"lazy\" decoding=\"async\" class=\"size-full wp-image-14807\" src=\"http:\/\/www.rincondelbulla.cl\/portal\/wp-content\/uploads\/2018\/06\/Entradas-vs-La-Serena-Copa-Chile-2018.gif\" alt=\"\" width=\"625\" height=\"350\" \/><figcaption id=\"caption-attachment-14807\" class=\"wp-caption-text\">Foto: PuntoTicket.cl<\/figcaption><\/figure>\n<p>Las entradas van desde los $6.000 hasta los $35.000, con promocion de 3&#215;2 en todas las localidades. Los Ni\u00f1os pagan $500 en Galer\u00edas y Andes. Puedes comprar tus tickets <a href=\"https:\/\/www.puntoticket.com\/evento\/UCH120\">AQU\u00cd<\/a><\/p>\n","protected":false},"excerpt":{"rendered":"<p>Pese al resultado en la ida, los dirigidos de Kudelka no quieren confiarse y para ello saldr\u00e1n a ganar ante los Papayeros.<\/p>\n","protected":false},"author":21382,"featured_media":14801,"comment_status":"closed","ping_status":"open","sticky":false,"template":"","format":"standard","meta":{"footnotes":""},"categories":[18],"tags":[454,1486,504,157,294,156,83],"class_list":{"0":"post-14806","1":"post","2":"type-post","3":"status-publish","4":"format-standard","5":"has-post-thumbnail","7":"category-actualidad","8":"tag-actualidad","9":"tag-copa-chile-mts-2018","10":"tag-la-serena","11":"tag-portada","12":"tag-u-de-chile","13":"tag-universidad-de-chile","14":"tag-venta-de-entradas"},"_links":{"self":[{"href":"https:\/\/www.rincondelbulla.cl\/portal\/wp-json\/wp\/v2\/posts\/14806","targetHints":{"allow":["GET"]}}],"collection":[{"href":"https:\/\/www.rincondelbulla.cl\/portal\/wp-json\/wp\/v2\/posts"}],"about":[{"href":"https:\/\/www.rincondelbulla.cl\/portal\/wp-json\/wp\/v2\/types\/post"}],"author":[{"embeddable":true,"href":"https:\/\/www.rincondelbulla.cl\/portal\/wp-json\/wp\/v2\/users\/21382"}],"replies":[{"embeddable":true,"href":"https:\/\/www.rincondelbulla.cl\/portal\/wp-json\/wp\/v2\/comments?post=14806"}],"version-history":[{"count":1,"href":"https:\/\/www.rincondelbulla.cl\/portal\/wp-json\/wp\/v2\/posts\/14806\/revisions"}],"predecessor-version":[{"id":14808,"href":"https:\/\/www.rincondelbulla.cl\/portal\/wp-json\/wp\/v2\/posts\/14806\/revisions\/14808"}],"wp:featuredmedia":[{"embeddable":true,"href":"https:\/\/www.rincondelbulla.cl\/portal\/wp-json\/wp\/v2\/media\/14801"}],"wp:attachment":[{"href":"https:\/\/www.rincondelbulla.cl\/portal\/wp-json\/wp\/v2\/media?parent=14806"}],"wp:term":[{"taxonomy":"category","embeddable":true,"href":"https:\/\/www.rincondelbulla.cl\/portal\/wp-json\/wp\/v2\/categories?post=14806"},{"taxonomy":"post_tag","embeddable":true,"href":"https:\/\/www.rincondelbulla.cl\/portal\/wp-json\/wp\/v2\/tags?post=14806"}],"curies":[{"name":"wp","href":"https:\/\/api.w.org\/{rel}","templated":true}]}}