{"id":15023,"date":"2018-08-21T17:37:04","date_gmt":"2018-08-21T21:37:04","guid":{"rendered":"http:\/\/www.rincondelbulla.cl\/portal\/?p=15023"},"modified":"2018-08-21T17:37:04","modified_gmt":"2018-08-21T21:37:04","slug":"los-de-abajo-podrian-ocupar-el-sector-magallanes","status":"publish","type":"post","link":"https:\/\/www.rincondelbulla.cl\/portal\/2018\/08\/21\/los-de-abajo-podrian-ocupar-el-sector-magallanes\/","title":{"rendered":"Los de Abajo podr\u00edan ocupar el sector Magallanes"},"content":{"rendered":"<p><img loading=\"lazy\" decoding=\"async\" class=\"alignnone size-full wp-image-7796\" src=\"http:\/\/www.rincondelbulla.cl\/portal\/wp-content\/uploads\/2015\/10\/barramonumental.jpg\" alt=\"\" width=\"640\" height=\"427\" srcset=\"https:\/\/www.rincondelbulla.cl\/portal\/wp-content\/uploads\/2015\/10\/barramonumental.jpg 640w, https:\/\/www.rincondelbulla.cl\/portal\/wp-content\/uploads\/2015\/10\/barramonumental-300x200.jpg 300w, https:\/\/www.rincondelbulla.cl\/portal\/wp-content\/uploads\/2015\/10\/barramonumental-630x420.jpg 630w\" sizes=\"auto, (max-width: 640px) 100vw, 640px\" \/><\/p>\n<p><strong>La dirigencia alba cumpli\u00f3 con los arreglos del sector visita.<\/strong> <!--more--><\/p>\n<p>Luego de que la Intendencia Metropolitana le clausurara el sector visita al Estadio Monumental, Blanco y Negro comenz\u00f3 los trabajos para que el partido de este s\u00e1bado ante la \u00abU\u00bb pudiese tener habilitada la galer\u00eda Magallanes para los hinchas azules.<\/p>\n<p>La dirigencia alba cumpli\u00f3 y sac\u00f3 todos los asientos del sector, estando optimo para la aprobaci\u00f3n de la entidad gubernamental este mi\u00e9rcoles.<\/p>\n<p>De esta forma Los de Abajo podr\u00e1n ocupar el sector que habitualmente se les designa en Pedrero. Por lo mismo las 1950 entradas designadas para la hinchada visitante estar\u00e1n a la venta este jueves, una vez aprobado o no el sector mencionado.<\/p>\n<p><strong> Las entradas estar\u00e1n a la venta bajo el sistema Ticketek. El horario a\u00fan no ha sido informado, aunque se adelante que s\u00f3lo podr\u00e1n comprar abonados y quienes hayan asistido a ver al menos un partido de la \u00abU\u00bb durante el presente a\u00f1o.<\/strong><\/p>\n<p>&nbsp;<\/p>\n<blockquote class=\"twitter-tweet\" data-lang=\"es\">\n<p dir=\"ltr\" lang=\"es\">Los arreglos que solicit\u00f3 la autoridad para la Galer\u00eda Magallanes est\u00e1n listos. O sea, <a href=\"https:\/\/twitter.com\/hashtag\/LaRuca?src=hash&amp;ref_src=twsrc%5Etfw\">#LaRuca<\/a> est\u00e1 tikitaka para el <a href=\"https:\/\/twitter.com\/hashtag\/Supercl%C3%A1sico?src=hash&amp;ref_src=twsrc%5Etfw\">#Supercl\u00e1sico<\/a> <a href=\"https:\/\/twitter.com\/hashtag\/VamosCacique?src=hash&amp;ref_src=twsrc%5Etfw\">#VamosCacique<\/a> <a href=\"https:\/\/t.co\/6jHWJfyroC\">pic.twitter.com\/6jHWJfyroC<\/a><\/p>\n<p>\u2014 Colo-Colo (@ColoColo) <a href=\"https:\/\/twitter.com\/ColoColo\/status\/1032001178236796928?ref_src=twsrc%5Etfw\">21 de agosto de 2018<\/a><\/p><\/blockquote>\n<p><script async src=\"https:\/\/platform.twitter.com\/widgets.js\" charset=\"utf-8\"><\/script><\/p>\n","protected":false},"excerpt":{"rendered":"<p>La dirigencia alba cumpli\u00f3 con los arreglos del sector visita.<\/p>\n","protected":false},"author":21398,"featured_media":7796,"comment_status":"closed","ping_status":"open","sticky":false,"template":"","format":"standard","meta":{"footnotes":""},"categories":[18],"tags":[454,502,102,1249,44,294,1499],"class_list":{"0":"post-15023","1":"post","2":"type-post","3":"status-publish","4":"format-standard","5":"has-post-thumbnail","7":"category-actualidad","8":"tag-actualidad","9":"tag-colo-colo","10":"tag-los-de-abajo","11":"tag-magallanes","12":"tag-superclasico","13":"tag-u-de-chile","14":"tag-visita"},"_links":{"self":[{"href":"https:\/\/www.rincondelbulla.cl\/portal\/wp-json\/wp\/v2\/posts\/15023","targetHints":{"allow":["GET"]}}],"collection":[{"href":"https:\/\/www.rincondelbulla.cl\/portal\/wp-json\/wp\/v2\/posts"}],"about":[{"href":"https:\/\/www.rincondelbulla.cl\/portal\/wp-json\/wp\/v2\/types\/post"}],"author":[{"embeddable":true,"href":"https:\/\/www.rincondelbulla.cl\/portal\/wp-json\/wp\/v2\/users\/21398"}],"replies":[{"embeddable":true,"href":"https:\/\/www.rincondelbulla.cl\/portal\/wp-json\/wp\/v2\/comments?post=15023"}],"version-history":[{"count":1,"href":"https:\/\/www.rincondelbulla.cl\/portal\/wp-json\/wp\/v2\/posts\/15023\/revisions"}],"predecessor-version":[{"id":15024,"href":"https:\/\/www.rincondelbulla.cl\/portal\/wp-json\/wp\/v2\/posts\/15023\/revisions\/15024"}],"wp:featuredmedia":[{"embeddable":true,"href":"https:\/\/www.rincondelbulla.cl\/portal\/wp-json\/wp\/v2\/media\/7796"}],"wp:attachment":[{"href":"https:\/\/www.rincondelbulla.cl\/portal\/wp-json\/wp\/v2\/media?parent=15023"}],"wp:term":[{"taxonomy":"category","embeddable":true,"href":"https:\/\/www.rincondelbulla.cl\/portal\/wp-json\/wp\/v2\/categories?post=15023"},{"taxonomy":"post_tag","embeddable":true,"href":"https:\/\/www.rincondelbulla.cl\/portal\/wp-json\/wp\/v2\/tags?post=15023"}],"curies":[{"name":"wp","href":"https:\/\/api.w.org\/{rel}","templated":true}]}}