{"id":15025,"date":"2018-08-21T18:00:13","date_gmt":"2018-08-21T22:00:13","guid":{"rendered":"http:\/\/www.rincondelbulla.cl\/portal\/?p=15025"},"modified":"2018-08-21T19:16:49","modified_gmt":"2018-08-21T23:16:49","slug":"jara-con-pie-fuera-y-beausejour-aun-es-duda","status":"publish","type":"post","link":"https:\/\/www.rincondelbulla.cl\/portal\/2018\/08\/21\/jara-con-pie-fuera-y-beausejour-aun-es-duda\/","title":{"rendered":"Jara con un pie fuera y Beausejour a\u00fan es duda"},"content":{"rendered":"<figure id=\"attachment_14798\" aria-describedby=\"caption-attachment-14798\" style=\"width: 835px\" class=\"wp-caption alignnone\"><img loading=\"lazy\" decoding=\"async\" class=\"size-full wp-image-14798\" src=\"http:\/\/www.rincondelbulla.cl\/portal\/wp-content\/uploads\/2018\/06\/Gonzalo-Jara-Jean-Beausejour.jpg\" alt=\"\" width=\"835\" height=\"429\" srcset=\"https:\/\/www.rincondelbulla.cl\/portal\/wp-content\/uploads\/2018\/06\/Gonzalo-Jara-Jean-Beausejour.jpg 835w, https:\/\/www.rincondelbulla.cl\/portal\/wp-content\/uploads\/2018\/06\/Gonzalo-Jara-Jean-Beausejour-300x154.jpg 300w, https:\/\/www.rincondelbulla.cl\/portal\/wp-content\/uploads\/2018\/06\/Gonzalo-Jara-Jean-Beausejour-768x395.jpg 768w, https:\/\/www.rincondelbulla.cl\/portal\/wp-content\/uploads\/2018\/06\/Gonzalo-Jara-Jean-Beausejour-696x358.jpg 696w, https:\/\/www.rincondelbulla.cl\/portal\/wp-content\/uploads\/2018\/06\/Gonzalo-Jara-Jean-Beausejour-817x420.jpg 817w\" sizes=\"auto, (max-width: 835px) 100vw, 835px\" \/><figcaption id=\"caption-attachment-14798\" class=\"wp-caption-text\">Foto: Photosport<\/figcaption><\/figure>\n<p><strong>La zona defensiva a\u00fan no es clara para el Supercl\u00e1sico.<\/strong> <!--more--><\/p>\n<p>En los \u00faltimos Supercl\u00e1sicos la defensa ha sido blanco de las cr\u00edticas, algo que en realidad ha sido un problema generalizado para la \u00abU\u00bb.<\/p>\n<p>Por lo mismo esta vez Kudelka no quiere problemas y ya ha probado sus cartes, y si bien es cierto Jara ven\u00eda cortado, ahora sus posibilidades son mucho menores.<\/p>\n<p>El seleccionado nacional <strong>no pudo terminar la pr\u00e1ctica por una lesi\u00f3n en la zona de la pelvis<\/strong>, incluso no habr\u00eda ido al camar\u00edn tras el entrenamiento.<\/p>\n<p>El otro que a\u00fan es duda en la zona posterior es Jean Beausejour, quien si bien est\u00e1 entrenando a la par con sus compa\u00f1eros, la carga f\u00edsica se ir\u00e1 aumentando.<\/p>\n<p><strong>Si bien es cierto, el lateral tiene el alta m\u00e9dica,\u00a0 ser\u00e1 el jueves cuando se defina si podr\u00e1 o no estar presente para el Supercl\u00e1sico.<\/strong><\/p>\n","protected":false},"excerpt":{"rendered":"<p>La zona defensiva a\u00fan no es clara para el Supercl\u00e1sico.<\/p>\n","protected":false},"author":21398,"featured_media":14798,"comment_status":"closed","ping_status":"open","sticky":false,"template":"","format":"standard","meta":{"footnotes":""},"categories":[18],"tags":[502,531,821,102,44,294],"class_list":{"0":"post-15025","1":"post","2":"type-post","3":"status-publish","4":"format-standard","5":"has-post-thumbnail","7":"category-actualidad","8":"tag-colo-colo","9":"tag-gonzalo-jara","10":"tag-jean-beausejour","11":"tag-los-de-abajo","12":"tag-superclasico","13":"tag-u-de-chile"},"_links":{"self":[{"href":"https:\/\/www.rincondelbulla.cl\/portal\/wp-json\/wp\/v2\/posts\/15025","targetHints":{"allow":["GET"]}}],"collection":[{"href":"https:\/\/www.rincondelbulla.cl\/portal\/wp-json\/wp\/v2\/posts"}],"about":[{"href":"https:\/\/www.rincondelbulla.cl\/portal\/wp-json\/wp\/v2\/types\/post"}],"author":[{"embeddable":true,"href":"https:\/\/www.rincondelbulla.cl\/portal\/wp-json\/wp\/v2\/users\/21398"}],"replies":[{"embeddable":true,"href":"https:\/\/www.rincondelbulla.cl\/portal\/wp-json\/wp\/v2\/comments?post=15025"}],"version-history":[{"count":3,"href":"https:\/\/www.rincondelbulla.cl\/portal\/wp-json\/wp\/v2\/posts\/15025\/revisions"}],"predecessor-version":[{"id":15028,"href":"https:\/\/www.rincondelbulla.cl\/portal\/wp-json\/wp\/v2\/posts\/15025\/revisions\/15028"}],"wp:featuredmedia":[{"embeddable":true,"href":"https:\/\/www.rincondelbulla.cl\/portal\/wp-json\/wp\/v2\/media\/14798"}],"wp:attachment":[{"href":"https:\/\/www.rincondelbulla.cl\/portal\/wp-json\/wp\/v2\/media?parent=15025"}],"wp:term":[{"taxonomy":"category","embeddable":true,"href":"https:\/\/www.rincondelbulla.cl\/portal\/wp-json\/wp\/v2\/categories?post=15025"},{"taxonomy":"post_tag","embeddable":true,"href":"https:\/\/www.rincondelbulla.cl\/portal\/wp-json\/wp\/v2\/tags?post=15025"}],"curies":[{"name":"wp","href":"https:\/\/api.w.org\/{rel}","templated":true}]}}