{"id":15029,"date":"2018-08-22T17:36:41","date_gmt":"2018-08-22T21:36:41","guid":{"rendered":"http:\/\/www.rincondelbulla.cl\/portal\/?p=15029"},"modified":"2018-08-22T17:40:07","modified_gmt":"2018-08-22T21:40:07","slug":"asi-sera-la-venta-de-entradas-para-el-superclasico","status":"publish","type":"post","link":"https:\/\/www.rincondelbulla.cl\/portal\/2018\/08\/22\/asi-sera-la-venta-de-entradas-para-el-superclasico\/","title":{"rendered":"As\u00ed ser\u00e1 la venta de entradas para el Supercl\u00e1sico"},"content":{"rendered":"<p><img loading=\"lazy\" decoding=\"async\" class=\"alignnone size-large wp-image-15030\" src=\"http:\/\/www.rincondelbulla.cl\/portal\/wp-content\/uploads\/2018\/08\/21167035_1641048485928501_1089385830288910796_o-1200x800.jpg\" alt=\"\" width=\"640\" height=\"427\" srcset=\"https:\/\/www.rincondelbulla.cl\/portal\/wp-content\/uploads\/2018\/08\/21167035_1641048485928501_1089385830288910796_o-1200x800.jpg 1200w, https:\/\/www.rincondelbulla.cl\/portal\/wp-content\/uploads\/2018\/08\/21167035_1641048485928501_1089385830288910796_o-300x200.jpg 300w, https:\/\/www.rincondelbulla.cl\/portal\/wp-content\/uploads\/2018\/08\/21167035_1641048485928501_1089385830288910796_o-768x512.jpg 768w, https:\/\/www.rincondelbulla.cl\/portal\/wp-content\/uploads\/2018\/08\/21167035_1641048485928501_1089385830288910796_o-696x464.jpg 696w, https:\/\/www.rincondelbulla.cl\/portal\/wp-content\/uploads\/2018\/08\/21167035_1641048485928501_1089385830288910796_o-1068x712.jpg 1068w, https:\/\/www.rincondelbulla.cl\/portal\/wp-content\/uploads\/2018\/08\/21167035_1641048485928501_1089385830288910796_o-630x420.jpg 630w, https:\/\/www.rincondelbulla.cl\/portal\/wp-content\/uploads\/2018\/08\/21167035_1641048485928501_1089385830288910796_o.jpg 2048w\" sizes=\"auto, (max-width: 640px) 100vw, 640px\" \/><\/p>\n<p><strong>Colo Colo entreg\u00f3 las bases para que los hinchas azules puedan ir al Monumental.<\/strong> <!--more--><\/p>\n<p>\u00abLa banda del F5\u00bb tiene una nueva misi\u00f3n, este jueves comenzar\u00e1 la venta de entradas para un nuevo Supercl\u00e1sico.<\/p>\n<p>Como es la t\u00f3nica en estos partidos de visita las entradas no duran m\u00e1s de 10 minutos, por lo cual los azules que deseen asistir deber\u00e1n estar con su mejor internet. Eso si, <strong>s\u00f3lo podr\u00e1n comprar quienes hayan asistido al menos una vez a ver a la \u00abU\u00bb de local<\/strong>.<\/p>\n<p><strong>A las 10 AM de este jueves se dar\u00e1 inicio a la venta de entradas para el sistema Ticketek<\/strong>, donde s\u00f3lo ser\u00e1n 1950 las que puedan adquirir los azules.<\/p>\n<p>Cabe destacar que quienes logren comprar una de las tan preciadas entradas,<strong> deber\u00e1n ingresar al Estadio Monumental entre las 9 y 10 am.<\/strong><\/p>\n<blockquote><p><a href=\"http:\/\/prehome.ticketek.cl\/\"><strong>\u00a1COMPRA TU ENTRADA AQU\u00cd!<\/strong><\/a><\/p><\/blockquote>\n<blockquote class=\"twitter-tweet\" data-lang=\"es\">\n<p dir=\"ltr\" lang=\"es\">Este jueves a las 10:00 AM comienza la venta de entradas para hinchas de Universidad de Chile inscritos en su base de datos. Por disposici\u00f3n de la autoridad, el ingreso a zona visita (sector Magallanes) ser\u00e1 entre 9:00 y 10:00 AM del s\u00e1bado<a href=\"https:\/\/t.co\/Tuw87SrZUR\">https:\/\/t.co\/Tuw87SrZUR<\/a><\/p>\n<p>\u2014 Colo-Colo (@ColoColo) <a href=\"https:\/\/twitter.com\/ColoColo\/status\/1032370820641828865?ref_src=twsrc%5Etfw\">22 de agosto de 2018<\/a><\/p><\/blockquote>\n<p><script async src=\"https:\/\/platform.twitter.com\/widgets.js\" charset=\"utf-8\"><\/script><\/p>\n","protected":false},"excerpt":{"rendered":"<p>Colo Colo entreg\u00f3 las bases para que los hinchas azules puedan ir al Monumental.<\/p>\n","protected":false},"author":21398,"featured_media":15030,"comment_status":"closed","ping_status":"open","sticky":false,"template":"","format":"standard","meta":{"footnotes":""},"categories":[18],"tags":[454,195,102,607,44,294],"class_list":{"0":"post-15029","1":"post","2":"type-post","3":"status-publish","4":"format-standard","5":"has-post-thumbnail","7":"category-actualidad","8":"tag-actualidad","9":"tag-entradas","10":"tag-los-de-abajo","11":"tag-monumental","12":"tag-superclasico","13":"tag-u-de-chile"},"_links":{"self":[{"href":"https:\/\/www.rincondelbulla.cl\/portal\/wp-json\/wp\/v2\/posts\/15029","targetHints":{"allow":["GET"]}}],"collection":[{"href":"https:\/\/www.rincondelbulla.cl\/portal\/wp-json\/wp\/v2\/posts"}],"about":[{"href":"https:\/\/www.rincondelbulla.cl\/portal\/wp-json\/wp\/v2\/types\/post"}],"author":[{"embeddable":true,"href":"https:\/\/www.rincondelbulla.cl\/portal\/wp-json\/wp\/v2\/users\/21398"}],"replies":[{"embeddable":true,"href":"https:\/\/www.rincondelbulla.cl\/portal\/wp-json\/wp\/v2\/comments?post=15029"}],"version-history":[{"count":2,"href":"https:\/\/www.rincondelbulla.cl\/portal\/wp-json\/wp\/v2\/posts\/15029\/revisions"}],"predecessor-version":[{"id":15032,"href":"https:\/\/www.rincondelbulla.cl\/portal\/wp-json\/wp\/v2\/posts\/15029\/revisions\/15032"}],"wp:featuredmedia":[{"embeddable":true,"href":"https:\/\/www.rincondelbulla.cl\/portal\/wp-json\/wp\/v2\/media\/15030"}],"wp:attachment":[{"href":"https:\/\/www.rincondelbulla.cl\/portal\/wp-json\/wp\/v2\/media?parent=15029"}],"wp:term":[{"taxonomy":"category","embeddable":true,"href":"https:\/\/www.rincondelbulla.cl\/portal\/wp-json\/wp\/v2\/categories?post=15029"},{"taxonomy":"post_tag","embeddable":true,"href":"https:\/\/www.rincondelbulla.cl\/portal\/wp-json\/wp\/v2\/tags?post=15029"}],"curies":[{"name":"wp","href":"https:\/\/api.w.org\/{rel}","templated":true}]}}