{"id":15033,"date":"2018-08-23T17:25:53","date_gmt":"2018-08-23T21:25:53","guid":{"rendered":"http:\/\/www.rincondelbulla.cl\/portal\/?p=15033"},"modified":"2018-08-23T17:25:53","modified_gmt":"2018-08-23T21:25:53","slug":"nosotros-necesitamos-el-triunfo-y-vamos-en-busqueda-del-triunfo","status":"publish","type":"post","link":"https:\/\/www.rincondelbulla.cl\/portal\/2018\/08\/23\/nosotros-necesitamos-el-triunfo-y-vamos-en-busqueda-del-triunfo\/","title":{"rendered":"\u201cNosotros necesitamos el triunfo y vamos en b\u00fasqueda del triunfo\u201d"},"content":{"rendered":"<figure id=\"attachment_14802\" aria-describedby=\"caption-attachment-14802\" style=\"width: 1140px\" class=\"wp-caption alignnone\"><img loading=\"lazy\" decoding=\"async\" class=\"size-full wp-image-14802\" src=\"http:\/\/www.rincondelbulla.cl\/portal\/wp-content\/uploads\/2018\/06\/Frank-Dario-Kudelka.jpg\" alt=\"\" width=\"1140\" height=\"760\" srcset=\"https:\/\/www.rincondelbulla.cl\/portal\/wp-content\/uploads\/2018\/06\/Frank-Dario-Kudelka.jpg 1140w, https:\/\/www.rincondelbulla.cl\/portal\/wp-content\/uploads\/2018\/06\/Frank-Dario-Kudelka-300x200.jpg 300w, https:\/\/www.rincondelbulla.cl\/portal\/wp-content\/uploads\/2018\/06\/Frank-Dario-Kudelka-768x512.jpg 768w, https:\/\/www.rincondelbulla.cl\/portal\/wp-content\/uploads\/2018\/06\/Frank-Dario-Kudelka-696x464.jpg 696w, https:\/\/www.rincondelbulla.cl\/portal\/wp-content\/uploads\/2018\/06\/Frank-Dario-Kudelka-1068x712.jpg 1068w, https:\/\/www.rincondelbulla.cl\/portal\/wp-content\/uploads\/2018\/06\/Frank-Dario-Kudelka-630x420.jpg 630w\" sizes=\"auto, (max-width: 1140px) 100vw, 1140px\" \/><figcaption id=\"caption-attachment-14802\" class=\"wp-caption-text\">Foto: Photosport<\/figcaption><\/figure>\n<p><strong>El t\u00e9cnico adelant\u00f3 lo que ser\u00e1 su primer Supercl\u00e1sico.<\/strong><!--more--><\/p>\n<p>El Supercl\u00e1sico est\u00e1 cada vez m\u00e1s cerca y la presi\u00f3n para ambos equipos se hace m\u00e1s fuerte. Los azules buscan romper con la mala racha que los persigue hace 17 a\u00f1os y no los deja ganar en el Estadio Monumental, por lo que el t\u00e9cnico azul Frank Kudelka tiene algunas estrategias para el pr\u00f3ximo encuentro entre albos y azules.<\/p>\n<p>A\u00fan es incierto el escenario que plantear\u00e1 el t\u00e9cnico azul para el partido del d\u00eda domingo, pero se\u00f1al\u00f3 que su estrategia para triunfar en el partido es \u201c<strong>dejar afuera las malas energ\u00edas de las derrotas pasadas\u201d y que el equipo no pierda el foco por las estad\u00edsticas<\/strong>.<\/p>\n<p>Kudelka se\u00f1al\u00f3 adem\u00e1s que \u201c<strong>no vamos a llevarnos por arriba esa carga de la historia de los \u00faltimos a\u00f1os. Nosotros estamos realmente pensando en que el equipo se posicione y funcione de tal manera que sea superior al cl\u00e1sico riva<\/strong>l\u00bb, agregando que la U necesita un triunfo y asegur\u00f3 que el equipo ir\u00e1 en su b\u00fasqueda.<\/p>\n<p>Si bien no se sabe la formaci\u00f3n exacta de los azules, este ser\u00eda el equipo que Kudelka pretende parar en el Monumental: <strong>Johnny Herrera; Mat\u00edas Rodr\u00edguez, Chrsti\u00e1n Vilches, Rafael Vas, Jean Beausejour; Gonzalo Espinoza, Felipe Seymour, Gustavo Lorenzetti; Francisco Arancibia, \u00c1ngelo Henr\u00edquez y Yeferson Soteldo.<\/strong><\/p>\n","protected":false},"excerpt":{"rendered":"<p>El t\u00e9cnico adelant\u00f3 lo que ser\u00e1 su primer Supercl\u00e1sico.<\/p>\n","protected":false},"author":21385,"featured_media":14802,"comment_status":"closed","ping_status":"open","sticky":false,"template":"","format":"standard","meta":{"footnotes":""},"categories":[18],"tags":[454,502,1483,102,44,197],"class_list":{"0":"post-15033","1":"post","2":"type-post","3":"status-publish","4":"format-standard","5":"has-post-thumbnail","7":"category-actualidad","8":"tag-actualidad","9":"tag-colo-colo","10":"tag-kudelka","11":"tag-los-de-abajo","12":"tag-superclasico","13":"tag-udechile"},"_links":{"self":[{"href":"https:\/\/www.rincondelbulla.cl\/portal\/wp-json\/wp\/v2\/posts\/15033","targetHints":{"allow":["GET"]}}],"collection":[{"href":"https:\/\/www.rincondelbulla.cl\/portal\/wp-json\/wp\/v2\/posts"}],"about":[{"href":"https:\/\/www.rincondelbulla.cl\/portal\/wp-json\/wp\/v2\/types\/post"}],"author":[{"embeddable":true,"href":"https:\/\/www.rincondelbulla.cl\/portal\/wp-json\/wp\/v2\/users\/21385"}],"replies":[{"embeddable":true,"href":"https:\/\/www.rincondelbulla.cl\/portal\/wp-json\/wp\/v2\/comments?post=15033"}],"version-history":[{"count":1,"href":"https:\/\/www.rincondelbulla.cl\/portal\/wp-json\/wp\/v2\/posts\/15033\/revisions"}],"predecessor-version":[{"id":15034,"href":"https:\/\/www.rincondelbulla.cl\/portal\/wp-json\/wp\/v2\/posts\/15033\/revisions\/15034"}],"wp:featuredmedia":[{"embeddable":true,"href":"https:\/\/www.rincondelbulla.cl\/portal\/wp-json\/wp\/v2\/media\/14802"}],"wp:attachment":[{"href":"https:\/\/www.rincondelbulla.cl\/portal\/wp-json\/wp\/v2\/media?parent=15033"}],"wp:term":[{"taxonomy":"category","embeddable":true,"href":"https:\/\/www.rincondelbulla.cl\/portal\/wp-json\/wp\/v2\/categories?post=15033"},{"taxonomy":"post_tag","embeddable":true,"href":"https:\/\/www.rincondelbulla.cl\/portal\/wp-json\/wp\/v2\/tags?post=15033"}],"curies":[{"name":"wp","href":"https:\/\/api.w.org\/{rel}","templated":true}]}}