{"id":15035,"date":"2018-08-25T09:37:17","date_gmt":"2018-08-25T13:37:17","guid":{"rendered":"http:\/\/www.rincondelbulla.cl\/portal\/?p=15035"},"modified":"2018-08-25T09:37:17","modified_gmt":"2018-08-25T13:37:17","slug":"la-u-quiere-dar-el-golpe","status":"publish","type":"post","link":"https:\/\/www.rincondelbulla.cl\/portal\/2018\/08\/25\/la-u-quiere-dar-el-golpe\/","title":{"rendered":"La U quiere dar el golpe"},"content":{"rendered":"<p><img loading=\"lazy\" decoding=\"async\" class=\"alignnone size-large wp-image-15030\" src=\"http:\/\/www.rincondelbulla.cl\/portal\/wp-content\/uploads\/2018\/08\/21167035_1641048485928501_1089385830288910796_o-1200x800.jpg\" alt=\"\" width=\"640\" height=\"427\" srcset=\"https:\/\/www.rincondelbulla.cl\/portal\/wp-content\/uploads\/2018\/08\/21167035_1641048485928501_1089385830288910796_o-1200x800.jpg 1200w, https:\/\/www.rincondelbulla.cl\/portal\/wp-content\/uploads\/2018\/08\/21167035_1641048485928501_1089385830288910796_o-300x200.jpg 300w, https:\/\/www.rincondelbulla.cl\/portal\/wp-content\/uploads\/2018\/08\/21167035_1641048485928501_1089385830288910796_o-768x512.jpg 768w, https:\/\/www.rincondelbulla.cl\/portal\/wp-content\/uploads\/2018\/08\/21167035_1641048485928501_1089385830288910796_o-696x464.jpg 696w, https:\/\/www.rincondelbulla.cl\/portal\/wp-content\/uploads\/2018\/08\/21167035_1641048485928501_1089385830288910796_o-1068x712.jpg 1068w, https:\/\/www.rincondelbulla.cl\/portal\/wp-content\/uploads\/2018\/08\/21167035_1641048485928501_1089385830288910796_o-630x420.jpg 630w, https:\/\/www.rincondelbulla.cl\/portal\/wp-content\/uploads\/2018\/08\/21167035_1641048485928501_1089385830288910796_o.jpg 2048w\" sizes=\"auto, (max-width: 640px) 100vw, 640px\" \/><\/p>\n<p>Universidad de Chile y Colo Colo se enfrentan este s\u00e1bado a las 12:00 horas en el Estadio Monumental, en la vig\u00e9simo primera fecha del Torneo Nacional, en la versi\u00f3n 184 del Supercl\u00e1sico del f\u00fatbol chileno.<br \/>\nLos azules llegan con la motivaci\u00f3n del partido anterior donde lograron sumar tres puntos ante O\u2019Higgins, mientras Colo Colo cay\u00f3 por 2-1 ante Deportes Iquique. Adem\u00e1s de lo que significa ganar el Supercl\u00e1sico, ambos equipos buscan escalar en la tabla de posiciones, ya que la distancia entre ambos es muy estrecha. La \u201cU\u201d se encuentra en el quinto lugar con 35 puntos, mientras que el equipo de H\u00e9ctor Tapia lleva 33.<br \/>\nAmbos equipos tendr\u00edan definidas las formaciones, donde las posibles ausencias de Jean Beausejour y Jaime Vald\u00e9s fueron descartadas. Por lo que Colo Colo formar\u00e1 con Agust\u00edn Ori\u00f3n en porter\u00eda y Julio Barroso, Mat\u00edas Zaldivia e Insaurralde en el fondo. El resto de los convocados fueron Opazo, P\u00e9rez, Carmona, Baeza y Valdivia, para terminar en la ofensiva con Paredes y Barrios.<\/p>\n","protected":false},"excerpt":{"rendered":"<p>Universidad de Chile y Colo Colo se enfrentan este s\u00e1bado a las 12:00 horas en el Estadio Monumental, en la vig\u00e9simo primera fecha del Torneo Nacional, en la versi\u00f3n 184 del Supercl\u00e1sico del f\u00fatbol chileno. Los azules llegan con la motivaci\u00f3n del partido anterior donde lograron sumar tres puntos ante O\u2019Higgins, mientras Colo Colo cay\u00f3 [&#8230;]<\/p>\n","protected":false},"author":21385,"featured_media":15030,"comment_status":"closed","ping_status":"open","sticky":false,"template":"","format":"standard","meta":{"footnotes":""},"categories":[18],"tags":[454,44,294],"class_list":{"0":"post-15035","1":"post","2":"type-post","3":"status-publish","4":"format-standard","5":"has-post-thumbnail","7":"category-actualidad","8":"tag-actualidad","9":"tag-superclasico","10":"tag-u-de-chile"},"_links":{"self":[{"href":"https:\/\/www.rincondelbulla.cl\/portal\/wp-json\/wp\/v2\/posts\/15035","targetHints":{"allow":["GET"]}}],"collection":[{"href":"https:\/\/www.rincondelbulla.cl\/portal\/wp-json\/wp\/v2\/posts"}],"about":[{"href":"https:\/\/www.rincondelbulla.cl\/portal\/wp-json\/wp\/v2\/types\/post"}],"author":[{"embeddable":true,"href":"https:\/\/www.rincondelbulla.cl\/portal\/wp-json\/wp\/v2\/users\/21385"}],"replies":[{"embeddable":true,"href":"https:\/\/www.rincondelbulla.cl\/portal\/wp-json\/wp\/v2\/comments?post=15035"}],"version-history":[{"count":1,"href":"https:\/\/www.rincondelbulla.cl\/portal\/wp-json\/wp\/v2\/posts\/15035\/revisions"}],"predecessor-version":[{"id":15036,"href":"https:\/\/www.rincondelbulla.cl\/portal\/wp-json\/wp\/v2\/posts\/15035\/revisions\/15036"}],"wp:featuredmedia":[{"embeddable":true,"href":"https:\/\/www.rincondelbulla.cl\/portal\/wp-json\/wp\/v2\/media\/15030"}],"wp:attachment":[{"href":"https:\/\/www.rincondelbulla.cl\/portal\/wp-json\/wp\/v2\/media?parent=15035"}],"wp:term":[{"taxonomy":"category","embeddable":true,"href":"https:\/\/www.rincondelbulla.cl\/portal\/wp-json\/wp\/v2\/categories?post=15035"},{"taxonomy":"post_tag","embeddable":true,"href":"https:\/\/www.rincondelbulla.cl\/portal\/wp-json\/wp\/v2\/tags?post=15035"}],"curies":[{"name":"wp","href":"https:\/\/api.w.org\/{rel}","templated":true}]}}