{"id":15898,"date":"2019-02-19T05:58:12","date_gmt":"2019-02-19T08:58:12","guid":{"rendered":"http:\/\/www.rincondelbulla.cl\/portal\/?p=15898"},"modified":"2019-02-19T06:58:32","modified_gmt":"2019-02-19T09:58:32","slug":"jean-beausejour-los-principales-responsables-somos-nosotros","status":"publish","type":"post","link":"https:\/\/www.rincondelbulla.cl\/portal\/2019\/02\/19\/jean-beausejour-los-principales-responsables-somos-nosotros\/","title":{"rendered":"Jean Beausejour: \u201cLos principales responsables somos nosotros\u201d"},"content":{"rendered":"\n<p><strong>El lateral puso el pecho ante el mal momento del plantel.<\/strong><\/p>\n\n\n\n<!--more-->\n\n\n\n<p>Jug\u00f3 con un estado febril y se le vio bastante ofuscado en el terreno de juego. Terminado el primer tiempo sali\u00f3 derecho a camarines y cuando sali\u00f3 reemplazado se despidi\u00f3 de sus compa\u00f1eros.<\/p>\n\n\n\n<p>Tras el empate, no dud\u00f3 en analizar las fallas del plantel: \u201cEs el traslado de lo que entrenamos con lo que estamos jugando en lo que estamos fallando. Puede ser que no estemos siendo receptivos con el discurso de Frank. <strong>Los principales responsables somos nosotros<\/strong>\u201d.<\/p>\n\n\n\n<p>Bose tambi\u00e9n se refiri\u00f3 a las reprimendas del p\u00fablico. \u00abSiempre van a doler, pero se entienden. Nosotros debemos abstraernos de eso, jugar al ritmo que nosotros sentimos y a lo que creemos, pero se entiende, a mi me da mucha l\u00e1stima que el otro d\u00eda con el marco de p\u00fablico que hubo, no pudimos dar vuelta la llave y hoy d\u00eda tambi\u00e9n, para que la gente que sigue creyendo, no haberle dado una alegr\u00eda\u00bb.<\/p>\n","protected":false},"excerpt":{"rendered":"<p>El lateral puso el pecho ante el mal momento del plantel.<\/p>\n","protected":false},"author":65,"featured_media":15148,"comment_status":"closed","ping_status":"open","sticky":false,"template":"","format":"standard","meta":{"footnotes":""},"categories":[18],"tags":[454,1507,821],"class_list":{"0":"post-15898","1":"post","2":"type-post","3":"status-publish","4":"format-standard","5":"has-post-thumbnail","7":"category-actualidad","8":"tag-actualidad","9":"tag-campeonato-nacional-2019","10":"tag-jean-beausejour"},"_links":{"self":[{"href":"https:\/\/www.rincondelbulla.cl\/portal\/wp-json\/wp\/v2\/posts\/15898","targetHints":{"allow":["GET"]}}],"collection":[{"href":"https:\/\/www.rincondelbulla.cl\/portal\/wp-json\/wp\/v2\/posts"}],"about":[{"href":"https:\/\/www.rincondelbulla.cl\/portal\/wp-json\/wp\/v2\/types\/post"}],"author":[{"embeddable":true,"href":"https:\/\/www.rincondelbulla.cl\/portal\/wp-json\/wp\/v2\/users\/65"}],"replies":[{"embeddable":true,"href":"https:\/\/www.rincondelbulla.cl\/portal\/wp-json\/wp\/v2\/comments?post=15898"}],"version-history":[{"count":2,"href":"https:\/\/www.rincondelbulla.cl\/portal\/wp-json\/wp\/v2\/posts\/15898\/revisions"}],"predecessor-version":[{"id":15911,"href":"https:\/\/www.rincondelbulla.cl\/portal\/wp-json\/wp\/v2\/posts\/15898\/revisions\/15911"}],"wp:featuredmedia":[{"embeddable":true,"href":"https:\/\/www.rincondelbulla.cl\/portal\/wp-json\/wp\/v2\/media\/15148"}],"wp:attachment":[{"href":"https:\/\/www.rincondelbulla.cl\/portal\/wp-json\/wp\/v2\/media?parent=15898"}],"wp:term":[{"taxonomy":"category","embeddable":true,"href":"https:\/\/www.rincondelbulla.cl\/portal\/wp-json\/wp\/v2\/categories?post=15898"},{"taxonomy":"post_tag","embeddable":true,"href":"https:\/\/www.rincondelbulla.cl\/portal\/wp-json\/wp\/v2\/tags?post=15898"}],"curies":[{"name":"wp","href":"https:\/\/api.w.org\/{rel}","templated":true}]}}