{"id":16155,"date":"2019-02-28T15:19:55","date_gmt":"2019-02-28T18:19:55","guid":{"rendered":"http:\/\/www.rincondelbulla.cl\/portal\/?p=16155"},"modified":"2019-02-28T18:32:31","modified_gmt":"2019-02-28T21:32:31","slug":"que-se-mejore-lucas-aveldano-sufre-desgarro-y-es-baja-para-la-u","status":"publish","type":"post","link":"https:\/\/www.rincondelbulla.cl\/portal\/2019\/02\/28\/que-se-mejore-lucas-aveldano-sufre-desgarro-y-es-baja-para-la-u\/","title":{"rendered":"Que se mejore: Lucas Avelda\u00f1o sufre desgarro y es baja para la \u00abU\u00bb"},"content":{"rendered":"\n<p><strong>Al menos dos semanas deber\u00e1 estar fuera de las canchas.<\/strong><\/p>\n\n\n\n<!--more-->\n\n\n\n<p>Un desgarro en su gemelo derecho sufri\u00f3 Lucas Avelda\u00f1o durante la pr\u00e1ctica de la ma\u00f1ana, quedando inmediatamente descartado para el duelo de este s\u00e1bado ante Huachipato.<\/p>\n\n\n\n<p>Durante la tarde se supo que el defensor deber\u00e1 estar entre dos a tres semanas fuera de las canchas, por lo que la situaci\u00f3n se le complicar\u00e1 a a Frank Kudelka.<\/p>\n\n\n\n<p>La cl\u00ednica azul suma un nuevo integrante a los ya lesionados Sergio Vittor, Leandro Benegas, Rafael Caroca y Jean Beausejour.<\/p>\n","protected":false},"excerpt":{"rendered":"<p>Al menos dos semanas deber\u00e1 estar fuera de las canchas.<\/p>\n","protected":false},"author":65,"featured_media":16156,"comment_status":"closed","ping_status":"open","sticky":false,"template":"","format":"standard","meta":{"footnotes":""},"categories":[18],"tags":[1526,102,1522,1527],"class_list":{"0":"post-16155","1":"post","2":"type-post","3":"status-publish","4":"format-standard","5":"has-post-thumbnail","7":"category-actualidad","8":"tag-lesionado","9":"tag-los-de-abajo","10":"tag-lucas-aveldano","11":"tag-que-se-mejore"},"_links":{"self":[{"href":"https:\/\/www.rincondelbulla.cl\/portal\/wp-json\/wp\/v2\/posts\/16155","targetHints":{"allow":["GET"]}}],"collection":[{"href":"https:\/\/www.rincondelbulla.cl\/portal\/wp-json\/wp\/v2\/posts"}],"about":[{"href":"https:\/\/www.rincondelbulla.cl\/portal\/wp-json\/wp\/v2\/types\/post"}],"author":[{"embeddable":true,"href":"https:\/\/www.rincondelbulla.cl\/portal\/wp-json\/wp\/v2\/users\/65"}],"replies":[{"embeddable":true,"href":"https:\/\/www.rincondelbulla.cl\/portal\/wp-json\/wp\/v2\/comments?post=16155"}],"version-history":[{"count":1,"href":"https:\/\/www.rincondelbulla.cl\/portal\/wp-json\/wp\/v2\/posts\/16155\/revisions"}],"predecessor-version":[{"id":16157,"href":"https:\/\/www.rincondelbulla.cl\/portal\/wp-json\/wp\/v2\/posts\/16155\/revisions\/16157"}],"wp:featuredmedia":[{"embeddable":true,"href":"https:\/\/www.rincondelbulla.cl\/portal\/wp-json\/wp\/v2\/media\/16156"}],"wp:attachment":[{"href":"https:\/\/www.rincondelbulla.cl\/portal\/wp-json\/wp\/v2\/media?parent=16155"}],"wp:term":[{"taxonomy":"category","embeddable":true,"href":"https:\/\/www.rincondelbulla.cl\/portal\/wp-json\/wp\/v2\/categories?post=16155"},{"taxonomy":"post_tag","embeddable":true,"href":"https:\/\/www.rincondelbulla.cl\/portal\/wp-json\/wp\/v2\/tags?post=16155"}],"curies":[{"name":"wp","href":"https:\/\/api.w.org\/{rel}","templated":true}]}}