{"id":16181,"date":"2019-03-07T01:32:00","date_gmt":"2019-03-07T04:32:00","guid":{"rendered":"http:\/\/www.rincondelbulla.cl\/portal\/?p=16181"},"modified":"2019-03-07T01:37:48","modified_gmt":"2019-03-07T04:37:48","slug":"la-u-podria-ver-modificado-otro-de-sus-partidos","status":"publish","type":"post","link":"https:\/\/www.rincondelbulla.cl\/portal\/2019\/03\/07\/la-u-podria-ver-modificado-otro-de-sus-partidos\/","title":{"rendered":"La \u00abU\u00bb podr\u00eda ver modificado otro de sus partidos"},"content":{"rendered":"\n<p><strong>La realizaci\u00f3n de un multitudinario evento musical alterar\u00eda el horario del encuentro correspondiente a la quinta fecha del Torneo Nacional.<\/strong><\/p>\n\n\n\n<!--more-->\n\n\n\n<p>\u00abREC\u00bb: Rock en Conce 2019, masivo concierto que re\u00fane a bandas en la capital de la Regi\u00f3n del Biob\u00edo, ser\u00eda la causante que el partido entre Universidad de Concepci\u00f3n y Universidad de Chile vea modificado su horario.<\/p>\n\n\n\n<p><strong>El espect\u00e1culo est\u00e1 programado para el s\u00e1bado 16 y domingo 17 de marzo, por lo que coincidir\u00eda con la realizaci\u00f3n del encuentro en el Estadio Ester Roa Rebolledo.<\/strong><\/p>\n\n\n\n<p><strong>Por ello, Carabineros habr\u00eda solicitado adelantar en dos horas el inicio del partido<\/strong>, el que inicialmente est\u00e1 programado para las 18:30 hrs., del s\u00e1bado.<\/p>\n\n\n\n<p>Ser\u00eda la ANFP la que deber\u00e1 pronunciarse al respecto a la solicitud de la autoridad policial.<\/p>\n","protected":false},"excerpt":{"rendered":"<p>La realizaci\u00f3n de un multitudinario evento musical alterar\u00eda el horario del encuentro correspondiente a la quinta fecha del Torneo Nacional.<\/p>\n","protected":false},"author":21382,"featured_media":13164,"comment_status":"closed","ping_status":"open","sticky":false,"template":"","format":"standard","meta":{"footnotes":""},"categories":[18],"tags":[385,1528,294],"class_list":{"0":"post-16181","1":"post","2":"type-post","3":"status-publish","4":"format-standard","5":"has-post-thumbnail","7":"category-actualidad","8":"tag-anfp","9":"tag-rock-en-conce","10":"tag-u-de-chile"},"_links":{"self":[{"href":"https:\/\/www.rincondelbulla.cl\/portal\/wp-json\/wp\/v2\/posts\/16181","targetHints":{"allow":["GET"]}}],"collection":[{"href":"https:\/\/www.rincondelbulla.cl\/portal\/wp-json\/wp\/v2\/posts"}],"about":[{"href":"https:\/\/www.rincondelbulla.cl\/portal\/wp-json\/wp\/v2\/types\/post"}],"author":[{"embeddable":true,"href":"https:\/\/www.rincondelbulla.cl\/portal\/wp-json\/wp\/v2\/users\/21382"}],"replies":[{"embeddable":true,"href":"https:\/\/www.rincondelbulla.cl\/portal\/wp-json\/wp\/v2\/comments?post=16181"}],"version-history":[{"count":1,"href":"https:\/\/www.rincondelbulla.cl\/portal\/wp-json\/wp\/v2\/posts\/16181\/revisions"}],"predecessor-version":[{"id":16182,"href":"https:\/\/www.rincondelbulla.cl\/portal\/wp-json\/wp\/v2\/posts\/16181\/revisions\/16182"}],"wp:featuredmedia":[{"embeddable":true,"href":"https:\/\/www.rincondelbulla.cl\/portal\/wp-json\/wp\/v2\/media\/13164"}],"wp:attachment":[{"href":"https:\/\/www.rincondelbulla.cl\/portal\/wp-json\/wp\/v2\/media?parent=16181"}],"wp:term":[{"taxonomy":"category","embeddable":true,"href":"https:\/\/www.rincondelbulla.cl\/portal\/wp-json\/wp\/v2\/categories?post=16181"},{"taxonomy":"post_tag","embeddable":true,"href":"https:\/\/www.rincondelbulla.cl\/portal\/wp-json\/wp\/v2\/tags?post=16181"}],"curies":[{"name":"wp","href":"https:\/\/api.w.org\/{rel}","templated":true}]}}