{"id":16184,"date":"2019-03-08T01:46:33","date_gmt":"2019-03-08T04:46:33","guid":{"rendered":"http:\/\/www.rincondelbulla.cl\/portal\/?p=16184"},"modified":"2019-03-08T02:00:30","modified_gmt":"2019-03-08T05:00:30","slug":"es-un-proyecto-que-tengo-que-sacar-adelante","status":"publish","type":"post","link":"https:\/\/www.rincondelbulla.cl\/portal\/2019\/03\/08\/es-un-proyecto-que-tengo-que-sacar-adelante\/","title":{"rendered":"\u00abEs un proyecto que tengo que sacar adelante\u00bb"},"content":{"rendered":"\n<p><strong>Carlos Heller desminti\u00f3 los rumores sobre un pr\u00f3ximo alejamiento de Azul Azul.<\/strong><\/p>\n\n\n\n<!--more-->\n\n\n\n<p>Durante las \u00faltimas horas se hab\u00eda hablado de que Carlos Heller, presidente de Azul Azul, pudiese dejar su cargo, eso luego de que en una actividad h\u00edpica comentara que  \u00abllega un momento en el que uno debe empezar a pensar bien y dejar algunas cosas\u00bb.<\/p>\n\n\n\n<p>Tras horas de que se rumorease en demas\u00eda sobre su posible salida, Heller sostuvo un peque\u00f1o di\u00e1logo con Radio Infinita para desmentir lo comentado.<\/p>\n\n\n\n<p>\u00abEn una entrevista en un portal de h\u00edpica, me sacaron de contexto. <strong>En ning\u00fan momento dije que quer\u00eda salir de la U. Uno puede estar cansado, con el trabajo y el traj\u00edn diario, pero salir de la U en ning\u00fan momento<\/strong>\u00ab, coment\u00f3 el empresario.<\/p>\n\n\n\n<p>Para recalcar su compromiso, Heller indic\u00f3 que <strong>\u00abestoy con m\u00e1s fuerzas que nunca, nunca me doy por vencido. Es un proyecto que tengo que sacar adelante, as\u00ed que se pueden bajar las especulaciones que estaban dando vuelta por el d\u00eda\u00bb.<\/strong><\/p>\n\n\n\n<blockquote class=\"twitter-tweet\" data-lang=\"es\"><p lang=\"es\" dir=\"ltr\">El Presidente de <a href=\"https:\/\/twitter.com\/udechile?ref_src=twsrc%5Etfw\">@udechile<\/a>, Carlos Heller, aclar\u00f3 en exclusiva en <a href=\"https:\/\/twitter.com\/hashtag\/SalimosJugandoPM?src=hash&amp;ref_src=twsrc%5Etfw\">#SalimosJugandoPM<\/a> que no est\u00e1 en sus planes dejar la instituci\u00f3n: \u201cSalir de la U en ning\u00fan momento. Estoy con m\u00e1s fuerzas que nunca. No me doy por vencido\u201d. <a href=\"https:\/\/t.co\/yudjwGOT7G\">pic.twitter.com\/yudjwGOT7G<\/a><\/p>&mdash; Radio Infinita (@InfinitaFM) <a href=\"https:\/\/twitter.com\/InfinitaFM\/status\/1103795458600849410?ref_src=twsrc%5Etfw\">7 de marzo de 2019<\/a><\/blockquote>\n<script async src=\"https:\/\/platform.twitter.com\/widgets.js\" charset=\"utf-8\"><\/script>\n\n\n\n\n<p><\/p>\n","protected":false},"excerpt":{"rendered":"<p>Carlos Heller desminti\u00f3 los rumores sobre un pr\u00f3ximo alejamiento de Azul Azul.<\/p>\n","protected":false},"author":65,"featured_media":12702,"comment_status":"closed","ping_status":"open","sticky":false,"template":"","format":"standard","meta":{"footnotes":""},"categories":[18],"tags":[174,294],"class_list":{"0":"post-16184","1":"post","2":"type-post","3":"status-publish","4":"format-standard","5":"has-post-thumbnail","7":"category-actualidad","8":"tag-azul-azul","9":"tag-u-de-chile"},"_links":{"self":[{"href":"https:\/\/www.rincondelbulla.cl\/portal\/wp-json\/wp\/v2\/posts\/16184","targetHints":{"allow":["GET"]}}],"collection":[{"href":"https:\/\/www.rincondelbulla.cl\/portal\/wp-json\/wp\/v2\/posts"}],"about":[{"href":"https:\/\/www.rincondelbulla.cl\/portal\/wp-json\/wp\/v2\/types\/post"}],"author":[{"embeddable":true,"href":"https:\/\/www.rincondelbulla.cl\/portal\/wp-json\/wp\/v2\/users\/65"}],"replies":[{"embeddable":true,"href":"https:\/\/www.rincondelbulla.cl\/portal\/wp-json\/wp\/v2\/comments?post=16184"}],"version-history":[{"count":3,"href":"https:\/\/www.rincondelbulla.cl\/portal\/wp-json\/wp\/v2\/posts\/16184\/revisions"}],"predecessor-version":[{"id":16188,"href":"https:\/\/www.rincondelbulla.cl\/portal\/wp-json\/wp\/v2\/posts\/16184\/revisions\/16188"}],"wp:featuredmedia":[{"embeddable":true,"href":"https:\/\/www.rincondelbulla.cl\/portal\/wp-json\/wp\/v2\/media\/12702"}],"wp:attachment":[{"href":"https:\/\/www.rincondelbulla.cl\/portal\/wp-json\/wp\/v2\/media?parent=16184"}],"wp:term":[{"taxonomy":"category","embeddable":true,"href":"https:\/\/www.rincondelbulla.cl\/portal\/wp-json\/wp\/v2\/categories?post=16184"},{"taxonomy":"post_tag","embeddable":true,"href":"https:\/\/www.rincondelbulla.cl\/portal\/wp-json\/wp\/v2\/tags?post=16184"}],"curies":[{"name":"wp","href":"https:\/\/api.w.org\/{rel}","templated":true}]}}