{"id":16294,"date":"2019-03-16T21:18:48","date_gmt":"2019-03-17T00:18:48","guid":{"rendered":"http:\/\/www.rincondelbulla.cl\/portal\/?p=16294"},"modified":"2019-03-16T21:25:53","modified_gmt":"2019-03-17T00:25:53","slug":"hoy-no-se-nos-da-practicamente-nada","status":"publish","type":"post","link":"https:\/\/www.rincondelbulla.cl\/portal\/2019\/03\/16\/hoy-no-se-nos-da-practicamente-nada\/","title":{"rendered":"\u00abQue se vaya Heller no es la soluci\u00f3n\u00bb"},"content":{"rendered":"\n<p><strong>Johny Herrera fue le \u00fanico en sacar la voz tras la derrota y la renuncia de Heller.<\/strong><\/p>\n\n\n\n<!--more-->\n\n\n\n<p>Para Johnny Herrera no fue una buena jornada: le hicieron dos goles donde no pudo hacer mucho, termin\u00f3 golpeado en su ojo en un choque con Pato Rubio y su amado club culmina la peor semana en mucho tiempo.<\/p>\n\n\n\n<p><strong>\u00abQue se vaya Heller no es la soluci\u00f3n. Somos todos responsables.Hoy no se nos da pr\u00e1cticamente nada, el de hoy fue calcado a los \u00faltimos, segundos tiempos donde somos un desastre, parec\u00edamos cualquier cosa defendiendo\u00bb<\/strong>, lanzo el meta.<\/p>\n\n\n\n<p>Sobre lo ocurrido hoy y las \u00faltimas semanas, se\u00f1al\u00f3 que <strong>\u00abhay que sacar adelante al club, uno no comparte lo que pas\u00f3 con nuestra barra, pero si entiende el momento que tenemos en el club\u00bb.<\/strong><\/p>\n\n\n\n<p>Johnny fue tajante sobre ese tema: <strong>\u00abHay que afrontar todo lo que nos hemos equivocado, tanto dentro como fuera de la cancha. Hay que empezar de cero\u00bb.<\/strong><\/p>\n\n\n\n<p>En la \u00faltima, el arquero declar\u00f3 que <strong>\u00ablo que pas\u00f3 en la \u00faltima semana no fue lo correcto, tenemos gente de mucho recorrido, una casa de estudio detr\u00e1s nuestro, y esta semana que pas\u00f3 nos equivocamos todo. Vienen 15 d\u00edas de para y esto empieza de cero\u00bb<\/strong><br><\/p>\n","protected":false},"excerpt":{"rendered":"<p>Johny Herrera fue le \u00fanico en sacar la voz tras la derrota y la renuncia de Heller.\ufeff<\/p>\n","protected":false},"author":65,"featured_media":16295,"comment_status":"closed","ping_status":"open","sticky":false,"template":"","format":"standard","meta":{"footnotes":""},"categories":[18],"tags":[1533,174,192,41,102,294],"class_list":{"0":"post-16294","1":"post","2":"type-post","3":"status-publish","4":"format-standard","5":"has-post-thumbnail","7":"category-actualidad","8":"tag-alfredo-arias","9":"tag-azul-azul","10":"tag-carlos-heller","11":"tag-johnny-herrera","12":"tag-los-de-abajo","13":"tag-u-de-chile"},"_links":{"self":[{"href":"https:\/\/www.rincondelbulla.cl\/portal\/wp-json\/wp\/v2\/posts\/16294","targetHints":{"allow":["GET"]}}],"collection":[{"href":"https:\/\/www.rincondelbulla.cl\/portal\/wp-json\/wp\/v2\/posts"}],"about":[{"href":"https:\/\/www.rincondelbulla.cl\/portal\/wp-json\/wp\/v2\/types\/post"}],"author":[{"embeddable":true,"href":"https:\/\/www.rincondelbulla.cl\/portal\/wp-json\/wp\/v2\/users\/65"}],"replies":[{"embeddable":true,"href":"https:\/\/www.rincondelbulla.cl\/portal\/wp-json\/wp\/v2\/comments?post=16294"}],"version-history":[{"count":3,"href":"https:\/\/www.rincondelbulla.cl\/portal\/wp-json\/wp\/v2\/posts\/16294\/revisions"}],"predecessor-version":[{"id":16298,"href":"https:\/\/www.rincondelbulla.cl\/portal\/wp-json\/wp\/v2\/posts\/16294\/revisions\/16298"}],"wp:featuredmedia":[{"embeddable":true,"href":"https:\/\/www.rincondelbulla.cl\/portal\/wp-json\/wp\/v2\/media\/16295"}],"wp:attachment":[{"href":"https:\/\/www.rincondelbulla.cl\/portal\/wp-json\/wp\/v2\/media?parent=16294"}],"wp:term":[{"taxonomy":"category","embeddable":true,"href":"https:\/\/www.rincondelbulla.cl\/portal\/wp-json\/wp\/v2\/categories?post=16294"},{"taxonomy":"post_tag","embeddable":true,"href":"https:\/\/www.rincondelbulla.cl\/portal\/wp-json\/wp\/v2\/tags?post=16294"}],"curies":[{"name":"wp","href":"https:\/\/api.w.org\/{rel}","templated":true}]}}