{"id":16359,"date":"2019-04-08T12:46:56","date_gmt":"2019-04-08T16:46:56","guid":{"rendered":"http:\/\/www.rincondelbulla.cl\/portal\/?p=16359"},"modified":"2019-04-08T12:47:53","modified_gmt":"2019-04-08T16:47:53","slug":"azul-azul-tilda-de-anarquicos-a-quienes-encendieron-bengalas","status":"publish","type":"post","link":"https:\/\/www.rincondelbulla.cl\/portal\/2019\/04\/08\/azul-azul-tilda-de-anarquicos-a-quienes-encendieron-bengalas\/","title":{"rendered":"Azul Azul tilda de an\u00e1rquicos a quienes encendieron bengalas"},"content":{"rendered":"\n<p><strong>La concesionaria emiti\u00f3 un comunicado de prensa tras los hechos de ayer.<\/strong><\/p>\n\n\n\n<!--more-->\n\n\n\n<p>Las protestas contra Azul Azul se vuelven a repetir. La primera de este nivel se dio en Concepci\u00f3n, lugar donde renunci\u00f3 Carlos Heller a la presidencia del directorio, y ayer esto se volvi\u00f3 a repetir.<\/p>\n\n\n\n<p>En la \u00faltima etapa del partido aparecieron bengalas y fuegos artificiales, los que pararon el partido nuevamente, <strong>y estuvieron marcados por frases como \u00abHasta que se vaya Azul Azul\u00bb<\/strong>.<\/p>\n\n\n\n<p>Tras esto la concesionaria que rige los caminos de la \u00abU\u00bb emiti\u00f3 un <strong>comunicado en el que rechaza lo sucedido y tilda como grupos an\u00e1rquicos a quienes realizaron esta manifestaci\u00f3n<\/strong>.<\/p>\n\n\n\n<iframe loading=\"lazy\" src=\"https:\/\/www.facebook.com\/plugins\/video.php?href=https%3A%2F%2Fwww.facebook.com%2Frincondelbulla.cl%2Fvideos%2F2119390334842617%2F&#038;show_text=0&#038;width=560\" width=\"560\" height=\"315\" style=\"border:none;overflow:hidden\" scrolling=\"no\" frameborder=\"0\" allowTransparency=\"true\" allowFullScreen=\"true\"><\/iframe>\n\n\n\n<p><strong>A continuaci\u00f3n lee el comunicado:<\/strong><\/p>\n\n\n\n<p>A ra\u00edz de los incidentes pirot\u00e9cnicos ocurridos ayer domingo 7 de abril en el Estadio Nacional, durante el partido ante Uni\u00f3n La Calera, como Club Universidad de Chile nos vemos en la necesidad de se\u00f1alar lo siguiente:<\/p>\n\n\n\n<p>1.-Lamentar y rechazar en\u00e9rgicamente la conducta de un grupo focalizado de barristas organizados, que de ninguna manera representan el esp\u00edritu y el sentir &nbsp;de los miles de hinchas que acompa\u00f1an al equipo en cada partido.<\/p>\n\n\n\n<p>2.-Una vez m\u00e1s pondremos a disposici\u00f3n de la autoridad todos los antecedentes audiovisuales y gr\u00e1ficos, con el fin de&nbsp; individualizar a los responsables de estos condenables acontecimientos.<\/p>\n\n\n\n<p>3.-Como instituci\u00f3n hemos hecho todos los esfuerzos operativos y econ\u00f3micos para desterrar&nbsp; este tipo de conductas del estadio, incluso incrementando las medidas de seguridad que obliga la normativa imperante. Algo que consta a las autoridades pol\u00edticas, policiales, de seguridad y de la ANFP.<\/p>\n\n\n\n<p>4.-Ante esta situaci\u00f3n, instamos a abordar el tema de manera decisiva a partir de una mesa de trabajo multisectorial en la que tomen parte la Intendencia de Santiago, el Plan Estadio Seguro, Carabineros de Chile y la ANFP. La soluci\u00f3n a esta problem\u00e1tica social debe abordarse de manera integral, ya que excede las competencias operativas &nbsp;de seguridad que pueda tener un club de f\u00fatbol.<\/p>\n\n\n\n<p>5.-Como instituci\u00f3n hacemos un llamado a que haya una condena generalizada de &nbsp;estos hechos. Desde nuestros propios hinchas que asisten al estadio de manera sana y tranquila alentar al equipo, hasta la ANFP y las diversas entidades p\u00fablicas y deportivas. No debemos permitir que grupos an\u00e1rquicos pongan en riesgo el compromiso de hacer del f\u00fatbol un espacio de encuentro familiar.<\/p>\n","protected":false},"excerpt":{"rendered":"<p>La concesionaria emiti\u00f3 un comunicado de prensa tras los hechos de ayer.<\/p>\n","protected":false},"author":21398,"featured_media":16350,"comment_status":"closed","ping_status":"open","sticky":false,"template":"","format":"standard","meta":{"footnotes":""},"categories":[18],"tags":[705,102,294],"class_list":{"0":"post-16359","1":"post","2":"type-post","3":"status-publish","4":"format-standard","5":"has-post-thumbnail","7":"category-actualidad","8":"tag-comunicado","9":"tag-los-de-abajo","10":"tag-u-de-chile"},"_links":{"self":[{"href":"https:\/\/www.rincondelbulla.cl\/portal\/wp-json\/wp\/v2\/posts\/16359","targetHints":{"allow":["GET"]}}],"collection":[{"href":"https:\/\/www.rincondelbulla.cl\/portal\/wp-json\/wp\/v2\/posts"}],"about":[{"href":"https:\/\/www.rincondelbulla.cl\/portal\/wp-json\/wp\/v2\/types\/post"}],"author":[{"embeddable":true,"href":"https:\/\/www.rincondelbulla.cl\/portal\/wp-json\/wp\/v2\/users\/21398"}],"replies":[{"embeddable":true,"href":"https:\/\/www.rincondelbulla.cl\/portal\/wp-json\/wp\/v2\/comments?post=16359"}],"version-history":[{"count":3,"href":"https:\/\/www.rincondelbulla.cl\/portal\/wp-json\/wp\/v2\/posts\/16359\/revisions"}],"predecessor-version":[{"id":16362,"href":"https:\/\/www.rincondelbulla.cl\/portal\/wp-json\/wp\/v2\/posts\/16359\/revisions\/16362"}],"wp:featuredmedia":[{"embeddable":true,"href":"https:\/\/www.rincondelbulla.cl\/portal\/wp-json\/wp\/v2\/media\/16350"}],"wp:attachment":[{"href":"https:\/\/www.rincondelbulla.cl\/portal\/wp-json\/wp\/v2\/media?parent=16359"}],"wp:term":[{"taxonomy":"category","embeddable":true,"href":"https:\/\/www.rincondelbulla.cl\/portal\/wp-json\/wp\/v2\/categories?post=16359"},{"taxonomy":"post_tag","embeddable":true,"href":"https:\/\/www.rincondelbulla.cl\/portal\/wp-json\/wp\/v2\/tags?post=16359"}],"curies":[{"name":"wp","href":"https:\/\/api.w.org\/{rel}","templated":true}]}}