{"id":16397,"date":"2019-04-17T00:17:45","date_gmt":"2019-04-17T04:17:45","guid":{"rendered":"http:\/\/www.rincondelbulla.cl\/portal\/?p=16397"},"modified":"2019-04-17T00:17:48","modified_gmt":"2019-04-17T04:17:48","slug":"gonzalo-espinoza-recibe-castigo-tras-el-clasico-universitario","status":"publish","type":"post","link":"https:\/\/www.rincondelbulla.cl\/portal\/2019\/04\/17\/gonzalo-espinoza-recibe-castigo-tras-el-clasico-universitario\/","title":{"rendered":"Gonzalo Espinoza recibe castigo tras el Cl\u00e1sico Universitario"},"content":{"rendered":"\n<p><strong>El volante reci\u00e9n podr\u00e1 volver a jugar el 5 de mayo ante Audax Italiano.<\/strong><\/p>\n\n\n\n<!--more-->\n\n\n\n<p>Gonzalo Espinoza volvi\u00f3 a las canchas en el \u00faltimo partido y no alcanz\u00f3 a terminar un tiempo. Cay\u00f3 ante alg\u00fan comentario de Luciano Aued y lo golpe\u00f3 en la cara.<\/p>\n\n\n\n<p>La roja directa sentenci\u00f3 el partido para la \u00abU\u00bb, que ya jugaba mal, y de paso dej\u00f3 en la capilla al jugador, quien hoy supo su castigo.<\/p>\n\n\n\n<p><strong>El volante fue suspendido con dos partidos, por lo que no podr\u00e1 estar presente en los duelos ante Curic\u00f3 y Everto<\/strong>n, por lo que reci\u00e9n estar\u00e1 disponible para el t\u00e9cnico cuando los azules visiten el sint\u00e9tico de La Florida para enfrentar a Audax Italiano.<\/p>\n","protected":false},"excerpt":{"rendered":"<p>El volante reci\u00e9n podr\u00e1 volver a jugar el 5 de mayo ante Audax Italiano.<\/p>\n","protected":false},"author":65,"featured_media":16399,"comment_status":"closed","ping_status":"open","sticky":false,"template":"","format":"standard","meta":{"footnotes":""},"categories":[18],"tags":[348,1549,261,102,294],"class_list":{"0":"post-16397","1":"post","2":"type-post","3":"status-publish","4":"format-standard","5":"has-post-thumbnail","7":"category-actualidad","8":"tag-castigo","9":"tag-expulsion","10":"tag-gonzalo-espinoza","11":"tag-los-de-abajo","12":"tag-u-de-chile"},"_links":{"self":[{"href":"https:\/\/www.rincondelbulla.cl\/portal\/wp-json\/wp\/v2\/posts\/16397","targetHints":{"allow":["GET"]}}],"collection":[{"href":"https:\/\/www.rincondelbulla.cl\/portal\/wp-json\/wp\/v2\/posts"}],"about":[{"href":"https:\/\/www.rincondelbulla.cl\/portal\/wp-json\/wp\/v2\/types\/post"}],"author":[{"embeddable":true,"href":"https:\/\/www.rincondelbulla.cl\/portal\/wp-json\/wp\/v2\/users\/65"}],"replies":[{"embeddable":true,"href":"https:\/\/www.rincondelbulla.cl\/portal\/wp-json\/wp\/v2\/comments?post=16397"}],"version-history":[{"count":1,"href":"https:\/\/www.rincondelbulla.cl\/portal\/wp-json\/wp\/v2\/posts\/16397\/revisions"}],"predecessor-version":[{"id":16398,"href":"https:\/\/www.rincondelbulla.cl\/portal\/wp-json\/wp\/v2\/posts\/16397\/revisions\/16398"}],"wp:featuredmedia":[{"embeddable":true,"href":"https:\/\/www.rincondelbulla.cl\/portal\/wp-json\/wp\/v2\/media\/16399"}],"wp:attachment":[{"href":"https:\/\/www.rincondelbulla.cl\/portal\/wp-json\/wp\/v2\/media?parent=16397"}],"wp:term":[{"taxonomy":"category","embeddable":true,"href":"https:\/\/www.rincondelbulla.cl\/portal\/wp-json\/wp\/v2\/categories?post=16397"},{"taxonomy":"post_tag","embeddable":true,"href":"https:\/\/www.rincondelbulla.cl\/portal\/wp-json\/wp\/v2\/tags?post=16397"}],"curies":[{"name":"wp","href":"https:\/\/api.w.org\/{rel}","templated":true}]}}