{"id":17719,"date":"2021-03-15T14:06:12","date_gmt":"2021-03-15T17:06:12","guid":{"rendered":"http:\/\/www.rincondelbulla.cl\/portal\/?p=17719"},"modified":"2021-03-15T14:06:14","modified_gmt":"2021-03-15T17:06:14","slug":"de-paul-nos-duele-como-grupo-perder-jugadores-de-esta-manera","status":"publish","type":"post","link":"https:\/\/www.rincondelbulla.cl\/portal\/2021\/03\/15\/de-paul-nos-duele-como-grupo-perder-jugadores-de-esta-manera\/","title":{"rendered":"De Paul: \u00abNos duele como grupo perder jugadores de esta manera\u00bb"},"content":{"rendered":"\n<p>En una de las semanas m\u00e1s dif\u00edciles del \u00faltimo tiempo, la Universidad de Chile se prepara para viajar a Argentina, aunque a\u00fan con la incertidumbre de saber los nombres del plantel.<\/p>\n<p>Bajo esa l\u00f3gica, hoy fue Fernando de Paul, quien enfrent\u00f3 a los medios. \u00abEs dif\u00edcil por todo lo que se esta viviendo, no solo ac\u00e1, en el pa\u00eds tambi\u00e9n. Est\u00e1n saliendo muchos contagios y esta vez nos toca, \u00e9ramos conscientes que en alg\u00fan momento pod\u00eda pasar, pes a que las medidas siempre fueron muy estrictas y ten\u00edamos las condiciones para entrenar tranquilos. Lamentable lo que pas\u00f3 y hay que enfrentar a San Lorenzo, estamos preparando el partido, nos da bronca por los que no podr\u00e1n estar, pero al que le toque tendr\u00e1 que hacerlo de la mejor manera\u00bb, dijo de entrada.<\/p>\n<p>El portero fue tajante al se\u00f1alar que \u00abno queremos que salgan m\u00e1s casos positivos, si bien dije que las medidas son estrictas, las estamos aumentado cada vez m\u00e1s, porque no queremos que siga pasando. Ahora estamos con el plantel con muchos chicos juveniles que se incorporaron estos d\u00edas, tratando que se adapten r\u00e1pido para lo que viene porque tenemos que estar a disposici\u00f3n del t\u00e9cnico. Seguramente no vamos a concentrar, eso lo est\u00e1 viendo el \u00e1rea de organizaci\u00f3n del club, a\u00fan no est\u00e1 claro\u00bb.<\/p>\n<p>Sobre el partido apunta a que \u00abes una llave muy dif\u00edcil, se vio que fue parejo, fuimos superiores en el partido que jugamos y estamos con al misma ilusi\u00f3n de siempre, con la misma gana de hacer un partido y traernos en la clasificaci\u00f3n, no pensamos en otra cosa. Tenemos que tratar de que se adapten r\u00e1pido los chicos que vienen de la juvenil, pero la ilusi\u00f3n siempre est\u00e1. Todo lo que est\u00e1 pasando es dif\u00edcil, nos duele como grupo perder jugadores de esta manera, pero es as\u00ed, al que le toque tiene que estar listo\u00bb.<\/p>\n<h2><strong>Otras declaraciones<\/strong><\/h2>\n<p><strong>La bronca<\/strong>: Nos da mucha bronca lo que est\u00e1 pasando, seguimos con la misma ilusi\u00f3n como dije antes, por m\u00e1s que no tengamos compa\u00f1eros que puedan viajar. Despu\u00e9s el club ha tomado todas las medidas, pero estamos en un momento que le puede pasar a cualquiera, es una situaci\u00f3n que no hemos vivido antes. Lamentablemente nos pas\u00f3, y hay que salir fortalecido de estas cosas. No est\u00e1bamos preparados para algo as\u00ed, que dure tanto, por lo que se ve va a durar todo este a\u00f1o tambi\u00e9n, pero tenemos que salir adelante.<\/p>\n<p><strong>Chile y el virus<\/strong>: La sociedad en general, no solo ac\u00e1, por los contagios que se ven, por el rebrote, por algo retrocedimos de fase. Creo que la sociedad en general tuvo, no se si un relajo, pero algo pas\u00f3, sino no puede haber tanto contagio diario, cuando en un momento estaba controlados, pero ac\u00e1 las medidas siempre fueron estrictas y siempre como plantel y funcionarios de la instituci\u00f3n se exigi\u00f3 para tratar de cumplirlo de la mejor manera.<\/p>\n<p><strong>San Lorenzo:<\/strong> Creo que vamos a encontrar a un equipo, que el primer resultado le sirve, capaz que tengan un poco m\u00e1s de paciencia y dominar el partido. Todo lo puede complicar un gol nuestro. Intentaremos dar el primer golpe y tratar de sostenerlo. Va a ser una llave de vuelta dif\u00edcil con un rival muy fuerte, pero tenemos con que hacer da\u00f1o.<\/p>\n<p><strong>Juveniles<\/strong>: Hay muchos juveniles que tienen y van a estar preparados, nosotros no pensamos y tener una derrota digna. Pensamos en ir a hacer nuestro juego y conseguir la clasificaci\u00f3n para la U. Con todo esto que est\u00e1 pasando, es dif\u00edcil enfocarse de lleno en el partido y estamos tratando de hacer eso.<\/p>\n<p><div class=\"youtube-embed\" data-video_id=\"_QwC8OJESmY\"><iframe loading=\"lazy\" title=\"[EN VIVO] Fernando De Paul habla con la prensa en el CDA\" width=\"696\" height=\"392\" src=\"https:\/\/www.youtube.com\/embed\/_QwC8OJESmY?feature=oembed&#038;enablejsapi=1\" frameborder=\"0\" allow=\"accelerometer; autoplay; clipboard-write; encrypted-media; gyroscope; picture-in-picture\" allowfullscreen><\/iframe><\/div><\/p>\n<p>\u00a0<\/p>\n<p>\u00a0<\/p>\n<p>\u00a0<\/p>\n<p>\u00a0<\/p>\n<p>\u00a0<\/p>\n<p>\u00a0<\/p>\n","protected":false},"excerpt":{"rendered":"<p>En una de las semanas m\u00e1s dif\u00edciles del \u00faltimo tiempo, la Universidad de Chile se prepara para viajar a Argentina, aunque a\u00fan con la incertidumbre de saber los nombres del plantel. Bajo esa l\u00f3gica, hoy fue Fernando de Paul, quien enfrent\u00f3 a los medios. \u00abEs dif\u00edcil por todo lo que se esta viviendo, no solo [&#8230;]<\/p>\n","protected":false},"author":65,"featured_media":17721,"comment_status":"closed","ping_status":"open","sticky":false,"template":"","format":"standard","meta":{"footnotes":""},"categories":[18],"tags":[1688,1689,1679,294],"class_list":{"0":"post-17719","1":"post","2":"type-post","3":"status-publish","4":"format-standard","5":"has-post-thumbnail","7":"category-actualidad","8":"tag-coronavirus","9":"tag-covid","10":"tag-san-lorenzo","11":"tag-u-de-chile"},"_links":{"self":[{"href":"https:\/\/www.rincondelbulla.cl\/portal\/wp-json\/wp\/v2\/posts\/17719","targetHints":{"allow":["GET"]}}],"collection":[{"href":"https:\/\/www.rincondelbulla.cl\/portal\/wp-json\/wp\/v2\/posts"}],"about":[{"href":"https:\/\/www.rincondelbulla.cl\/portal\/wp-json\/wp\/v2\/types\/post"}],"author":[{"embeddable":true,"href":"https:\/\/www.rincondelbulla.cl\/portal\/wp-json\/wp\/v2\/users\/65"}],"replies":[{"embeddable":true,"href":"https:\/\/www.rincondelbulla.cl\/portal\/wp-json\/wp\/v2\/comments?post=17719"}],"version-history":[{"count":1,"href":"https:\/\/www.rincondelbulla.cl\/portal\/wp-json\/wp\/v2\/posts\/17719\/revisions"}],"predecessor-version":[{"id":17722,"href":"https:\/\/www.rincondelbulla.cl\/portal\/wp-json\/wp\/v2\/posts\/17719\/revisions\/17722"}],"wp:featuredmedia":[{"embeddable":true,"href":"https:\/\/www.rincondelbulla.cl\/portal\/wp-json\/wp\/v2\/media\/17721"}],"wp:attachment":[{"href":"https:\/\/www.rincondelbulla.cl\/portal\/wp-json\/wp\/v2\/media?parent=17719"}],"wp:term":[{"taxonomy":"category","embeddable":true,"href":"https:\/\/www.rincondelbulla.cl\/portal\/wp-json\/wp\/v2\/categories?post=17719"},{"taxonomy":"post_tag","embeddable":true,"href":"https:\/\/www.rincondelbulla.cl\/portal\/wp-json\/wp\/v2\/tags?post=17719"}],"curies":[{"name":"wp","href":"https:\/\/api.w.org\/{rel}","templated":true}]}}