{"id":17965,"date":"2021-05-12T21:44:09","date_gmt":"2021-05-13T01:44:09","guid":{"rendered":"http:\/\/www.rincondelbulla.cl\/portal\/?p=17965"},"modified":"2021-05-12T22:57:01","modified_gmt":"2021-05-13T02:57:01","slug":"se-confirma-el-viaje-de-la-u-futsal-a-la-copa-libertadores-en-uruguay","status":"publish","type":"post","link":"https:\/\/www.rincondelbulla.cl\/portal\/2021\/05\/12\/se-confirma-el-viaje-de-la-u-futsal-a-la-copa-libertadores-en-uruguay\/","title":{"rendered":"Se confirma el viaje de la \u201cU\u201d Futsal a la Copa Libertadores en Uruguay"},"content":{"rendered":"\n<p>Durante esta jornada se supo que el viaje de la delegaci\u00f3n de la Universidad de Chile Futsal a Uruguay para la Copa Libertadores peligraba.<\/p>\n<p>Esto se daba porque no exist\u00edan los recursos para que a la vuelta todos pudiesen hacer una cuarentena en hoteles sanitarios.<\/p>\n<p>Por lo mismo, durante esta jornada se activaron las conversaciones con la ANFP y el Ministerio del Deporte y se logr\u00f3 un acuerdo que ma\u00f1ana jueves ser\u00e1 informado.<\/p>\n<p>Seg\u00fan comentaron desde el propio elenco de Futsal a Rincondelbulla, se les confirm\u00f3 que partir\u00e1n este viernes a tierras orientales para enfrentar la Copa Libertadores, donde tendr\u00e1n sus tres encuentros de fase de grupo, s\u00e1bado, domingo y lunes.<\/p>\n<p>Los ex\u00e1menes PCR tomados en esta jornada a la delegaci\u00f3n resultaron todos negativos, y llegando a Uruguay se repetir\u00e1 este protocolo.<\/p>\n","protected":false},"excerpt":{"rendered":"<p>Durante esta jornada se supo que el viaje de la delegaci\u00f3n de la Universidad de Chile Futsal a Uruguay para la Copa Libertadores peligraba. Esto se daba porque no exist\u00edan los recursos para que a la vuelta todos pudiesen hacer una cuarentena en hoteles sanitarios. Por lo mismo, durante esta jornada se activaron las conversaciones [&#8230;]<\/p>\n","protected":false},"author":65,"featured_media":17966,"comment_status":"closed","ping_status":"open","sticky":false,"template":"","format":"standard","meta":{"footnotes":""},"categories":[1],"tags":[128,1732,294,282],"class_list":{"0":"post-17965","1":"post","2":"type-post","3":"status-publish","4":"format-standard","5":"has-post-thumbnail","7":"category-sin-categoria","8":"tag-copa-libertadores","9":"tag-futsal-2","10":"tag-u-de-chile","11":"tag-uruguay"},"_links":{"self":[{"href":"https:\/\/www.rincondelbulla.cl\/portal\/wp-json\/wp\/v2\/posts\/17965","targetHints":{"allow":["GET"]}}],"collection":[{"href":"https:\/\/www.rincondelbulla.cl\/portal\/wp-json\/wp\/v2\/posts"}],"about":[{"href":"https:\/\/www.rincondelbulla.cl\/portal\/wp-json\/wp\/v2\/types\/post"}],"author":[{"embeddable":true,"href":"https:\/\/www.rincondelbulla.cl\/portal\/wp-json\/wp\/v2\/users\/65"}],"replies":[{"embeddable":true,"href":"https:\/\/www.rincondelbulla.cl\/portal\/wp-json\/wp\/v2\/comments?post=17965"}],"version-history":[{"count":2,"href":"https:\/\/www.rincondelbulla.cl\/portal\/wp-json\/wp\/v2\/posts\/17965\/revisions"}],"predecessor-version":[{"id":17968,"href":"https:\/\/www.rincondelbulla.cl\/portal\/wp-json\/wp\/v2\/posts\/17965\/revisions\/17968"}],"wp:featuredmedia":[{"embeddable":true,"href":"https:\/\/www.rincondelbulla.cl\/portal\/wp-json\/wp\/v2\/media\/17966"}],"wp:attachment":[{"href":"https:\/\/www.rincondelbulla.cl\/portal\/wp-json\/wp\/v2\/media?parent=17965"}],"wp:term":[{"taxonomy":"category","embeddable":true,"href":"https:\/\/www.rincondelbulla.cl\/portal\/wp-json\/wp\/v2\/categories?post=17965"},{"taxonomy":"post_tag","embeddable":true,"href":"https:\/\/www.rincondelbulla.cl\/portal\/wp-json\/wp\/v2\/tags?post=17965"}],"curies":[{"name":"wp","href":"https:\/\/api.w.org\/{rel}","templated":true}]}}