{"id":18042,"date":"2021-06-15T01:27:51","date_gmt":"2021-06-15T05:27:51","guid":{"rendered":"http:\/\/www.rincondelbulla.cl\/portal\/?p=18042"},"modified":"2021-06-15T01:27:53","modified_gmt":"2021-06-15T05:27:53","slug":"mas-vivitos-el-recado-de-johnny-herrera-a-la-dirigencia-azul","status":"publish","type":"post","link":"https:\/\/www.rincondelbulla.cl\/portal\/2021\/06\/15\/mas-vivitos-el-recado-de-johnny-herrera-a-la-dirigencia-azul\/","title":{"rendered":"\u00abM\u00e1s vivitos\u00bb: El recado de Johnny Herrera a la dirigencia azul"},"content":{"rendered":"\n<p>Luego de que Marcelo D\u00edaz reconociera en TNT Sports que <strong><a href=\"http:\/\/www.rincondelbulla.cl\/portal\/2021\/06\/15\/hay-3-equipos-interesados-por-marcelo-diaz-y-ninguno-es-la-u\/\">hay 3 equipos que quieren tenerlo en sus planteles, pero que ninguno es la \u00abU\u00bb<\/a><\/strong>, fue Johnny Herrera quien comenz\u00f3 a poner en \u00f3rbita a los azules<\/p>\n<p>\u00ab<strong>Si no te venis a jugar a jugar la U, si no mejoramos un poquito vamos a estar no s\u00e9 cu\u00e1nto tiempo m\u00e1s<\/strong>\u00ab, lanz\u00f3 el Samur\u00e1i en el programa, adem\u00e1s de darle chanches a\u00fan a la dirigencia azul \u00ab<strong>a\u00fan no estamos en peroido de contrataciones<\/strong>\u00ab.<\/p>\n<p>Tras cart\u00f3n Johnny tom\u00f3 su celular y subi\u00f3 una historia a su Instagram junto a Marcelo D\u00edaz y con <strong>un mensaje que recae directamente en el CDA<\/strong>.<\/p>\n<p>\u00ab<strong>Que vuelva a la gloriosa Chelo D\u00edaz, U. de Chile m\u00e1s vivitos<\/strong>\u00ab, remat\u00f3 el ex capit\u00e1n de la \u00abU\u00bb.<\/p>\n<p><img loading=\"lazy\" decoding=\"async\" class=\"alignnone size-full wp-image-18044\" src=\"http:\/\/www.rincondelbulla.cl\/portal\/wp-content\/uploads\/2021\/06\/JOHNNY-TNT.jpg\" alt=\"\" width=\"540\" height=\"927\" srcset=\"https:\/\/www.rincondelbulla.cl\/portal\/wp-content\/uploads\/2021\/06\/JOHNNY-TNT.jpg 540w, https:\/\/www.rincondelbulla.cl\/portal\/wp-content\/uploads\/2021\/06\/JOHNNY-TNT-175x300.jpg 175w, https:\/\/www.rincondelbulla.cl\/portal\/wp-content\/uploads\/2021\/06\/JOHNNY-TNT-245x420.jpg 245w\" sizes=\"auto, (max-width: 540px) 100vw, 540px\" \/><\/p>\n","protected":false},"excerpt":{"rendered":"<p>Luego de que Marcelo D\u00edaz reconociera en TNT Sports que hay 3 equipos que quieren tenerlo en sus planteles, pero que ninguno es la \u00abU\u00bb, fue Johnny Herrera quien comenz\u00f3 a poner en \u00f3rbita a los azules \u00abSi no te venis a jugar a jugar la U, si no mejoramos un poquito vamos a estar [&#8230;]<\/p>\n","protected":false},"author":65,"featured_media":18043,"comment_status":"closed","ping_status":"open","sticky":false,"template":"","format":"standard","meta":{"footnotes":""},"categories":[18],"tags":[174,718,41,1744,294],"class_list":{"0":"post-18042","1":"post","2":"type-post","3":"status-publish","4":"format-standard","5":"has-post-thumbnail","7":"category-actualidad","8":"tag-azul-azul","9":"tag-dirigencia","10":"tag-johnny-herrera","11":"tag-marcelo-diaz-2","12":"tag-u-de-chile"},"_links":{"self":[{"href":"https:\/\/www.rincondelbulla.cl\/portal\/wp-json\/wp\/v2\/posts\/18042","targetHints":{"allow":["GET"]}}],"collection":[{"href":"https:\/\/www.rincondelbulla.cl\/portal\/wp-json\/wp\/v2\/posts"}],"about":[{"href":"https:\/\/www.rincondelbulla.cl\/portal\/wp-json\/wp\/v2\/types\/post"}],"author":[{"embeddable":true,"href":"https:\/\/www.rincondelbulla.cl\/portal\/wp-json\/wp\/v2\/users\/65"}],"replies":[{"embeddable":true,"href":"https:\/\/www.rincondelbulla.cl\/portal\/wp-json\/wp\/v2\/comments?post=18042"}],"version-history":[{"count":1,"href":"https:\/\/www.rincondelbulla.cl\/portal\/wp-json\/wp\/v2\/posts\/18042\/revisions"}],"predecessor-version":[{"id":18046,"href":"https:\/\/www.rincondelbulla.cl\/portal\/wp-json\/wp\/v2\/posts\/18042\/revisions\/18046"}],"wp:featuredmedia":[{"embeddable":true,"href":"https:\/\/www.rincondelbulla.cl\/portal\/wp-json\/wp\/v2\/media\/18043"}],"wp:attachment":[{"href":"https:\/\/www.rincondelbulla.cl\/portal\/wp-json\/wp\/v2\/media?parent=18042"}],"wp:term":[{"taxonomy":"category","embeddable":true,"href":"https:\/\/www.rincondelbulla.cl\/portal\/wp-json\/wp\/v2\/categories?post=18042"},{"taxonomy":"post_tag","embeddable":true,"href":"https:\/\/www.rincondelbulla.cl\/portal\/wp-json\/wp\/v2\/tags?post=18042"}],"curies":[{"name":"wp","href":"https:\/\/api.w.org\/{rel}","templated":true}]}}