{"id":18506,"date":"2021-10-08T19:43:09","date_gmt":"2021-10-08T22:43:09","guid":{"rendered":"http:\/\/www.rincondelbulla.cl\/portal\/?p=18506"},"modified":"2021-10-08T19:43:10","modified_gmt":"2021-10-08T22:43:10","slug":"veliz-de-cara-al-superclasico-estamos-pensando-en-ganar-para-poder-jugar-una-final","status":"publish","type":"post","link":"https:\/\/www.rincondelbulla.cl\/portal\/2021\/10\/08\/veliz-de-cara-al-superclasico-estamos-pensando-en-ganar-para-poder-jugar-una-final\/","title":{"rendered":"V\u00e9liz de cara al Supercl\u00e1sico: \u201cEstamos pensando en ganar para poder jugar una final\u00bb"},"content":{"rendered":"\n<p>Por Diego Valencia<\/p>\n<p>El equipo femenino de la Universidad de Chile enfrentar\u00e1 este lunes 11 de octubre a las 12:00 hrs. a Colo Colo en el Estadio Monumental por las semifinales del Campeonato Femenino.<\/p>\n<p>Carlos V\u00e9liz repas\u00f3 lo que ser\u00e1 este crucial partido para las \u201cLeonas\u201d y para las aspiraciones del plantel de cara a la Copa Libertadores Femenina.<\/p>\n<p>El DT del plantel femenino recalc\u00f3 que quiere ganar este partido de ida y que \u201cnos estamos preparando de tal manera para obtener ese resultado\u201d. Adem\u00e1s, a\u00f1adi\u00f3 que \u00abest\u00e1 convencido de que podemos lograrlo\u201d.<\/p>\n<p>Del mismo modo, V\u00e9liz espera que \u201clas jugadoras entren a la cancha con toda la disposici\u00f3n para obtener el triunfo\u201d.<\/p>\n<p>Con respecto a jugar en el Estadio Monumental, el estratega asegur\u00f3 que \u201csabemos que va a ser un clima hostil. Queremos estar a la altura de las circunstancias y traer un resultado positivo que nos haga so\u00f1ar con esa clasificaci\u00f3n a la final\u201d.<\/p>\n<p>Sobre el rival, V\u00e9liz afirm\u00f3 que conocen su plantel, sus fortalezas y debilidades. Adem\u00e1s, se\u00f1al\u00f3 que \u201cintentaremos de todas las formas contrarrestar el ataque de Colo Colo\u201d, ya que espera que la solidez defensiva demostrada durante el campeonato se vea reflejado a la hora del partido.<\/p>\n<p>En cuanto a la posibilidad de jugar con p\u00fablico el partido de vuelta, el DT enfatiz\u00f3 que \u201cdonde nos toque jugar, vamos a salir concentrados para poder ganar, ya sea en el CDA o en un estadio\u201d. \u201cEstamos pensando en ganar para poder jugar una final y darle una alegr\u00eda al hincha de la U\u201d cerr\u00f3 V\u00e9liz en conferencia de prensa.<\/p>\n","protected":false},"excerpt":{"rendered":"<p>Por Diego Valencia El equipo femenino de la Universidad de Chile enfrentar\u00e1 este lunes 11 de octubre a las 12:00 hrs. a Colo Colo en el Estadio Monumental por las semifinales del Campeonato Femenino. Carlos V\u00e9liz repas\u00f3 lo que ser\u00e1 este crucial partido para las \u201cLeonas\u201d y para las aspiraciones del plantel de cara a [&#8230;]<\/p>\n","protected":false},"author":21398,"featured_media":18507,"comment_status":"closed","ping_status":"open","sticky":false,"template":"","format":"standard","meta":{"footnotes":""},"categories":[18],"tags":[1727,502,44,294],"class_list":{"0":"post-18506","1":"post","2":"type-post","3":"status-publish","4":"format-standard","5":"has-post-thumbnail","7":"category-actualidad","8":"tag-carlos-veliz","9":"tag-colo-colo","10":"tag-superclasico","11":"tag-u-de-chile"},"_links":{"self":[{"href":"https:\/\/www.rincondelbulla.cl\/portal\/wp-json\/wp\/v2\/posts\/18506","targetHints":{"allow":["GET"]}}],"collection":[{"href":"https:\/\/www.rincondelbulla.cl\/portal\/wp-json\/wp\/v2\/posts"}],"about":[{"href":"https:\/\/www.rincondelbulla.cl\/portal\/wp-json\/wp\/v2\/types\/post"}],"author":[{"embeddable":true,"href":"https:\/\/www.rincondelbulla.cl\/portal\/wp-json\/wp\/v2\/users\/21398"}],"replies":[{"embeddable":true,"href":"https:\/\/www.rincondelbulla.cl\/portal\/wp-json\/wp\/v2\/comments?post=18506"}],"version-history":[{"count":1,"href":"https:\/\/www.rincondelbulla.cl\/portal\/wp-json\/wp\/v2\/posts\/18506\/revisions"}],"predecessor-version":[{"id":18508,"href":"https:\/\/www.rincondelbulla.cl\/portal\/wp-json\/wp\/v2\/posts\/18506\/revisions\/18508"}],"wp:featuredmedia":[{"embeddable":true,"href":"https:\/\/www.rincondelbulla.cl\/portal\/wp-json\/wp\/v2\/media\/18507"}],"wp:attachment":[{"href":"https:\/\/www.rincondelbulla.cl\/portal\/wp-json\/wp\/v2\/media?parent=18506"}],"wp:term":[{"taxonomy":"category","embeddable":true,"href":"https:\/\/www.rincondelbulla.cl\/portal\/wp-json\/wp\/v2\/categories?post=18506"},{"taxonomy":"post_tag","embeddable":true,"href":"https:\/\/www.rincondelbulla.cl\/portal\/wp-json\/wp\/v2\/tags?post=18506"}],"curies":[{"name":"wp","href":"https:\/\/api.w.org\/{rel}","templated":true}]}}