{"id":18518,"date":"2021-10-12T14:15:28","date_gmt":"2021-10-12T17:15:28","guid":{"rendered":"http:\/\/www.rincondelbulla.cl\/portal\/?p=18518"},"modified":"2021-10-12T14:15:30","modified_gmt":"2021-10-12T17:15:30","slug":"ramon-arias-hay-que-salir-a-dar-la-cara-y-sobreponerse-a-la-adversidad","status":"publish","type":"post","link":"https:\/\/www.rincondelbulla.cl\/portal\/2021\/10\/12\/ramon-arias-hay-que-salir-a-dar-la-cara-y-sobreponerse-a-la-adversidad\/","title":{"rendered":"Ram\u00f3n Arias: \u00abHay que salir a dar la cara y sobreponerse a la adversidad\u00bb"},"content":{"rendered":"\n<p>Ram\u00f3n Arias es uno de los pilares de la Universidad de Chile, la que viene bastante golpeada, luego de 4 partidos sin conocer de triunfos.<\/p>\n<p>Hoy en conferencia de prensa el uruguayo se\u00f1al\u00f3 que \u00abhay que salir a dar la cara y sobreponerse a la adversidad, y demostrar que somos un buen plantel, y ac\u00e1 estamos pronto para lo que venga, a ponerle la espalda y el pecho para lo que sea para tratar de dar vuelta la imagen\u00bb.<\/p>\n<p>Sobre una posible lesi\u00f3n, inform\u00f3 que \u00abfue un choque que no pas\u00f3 a mayores. Estoy trabajando formal desde todo punto de vista para estar enfocado en el pr\u00f3ximo partido\u00bb.<\/p>\n<p>\u00abSe dieron un par de partidos malos, soy muy autocr\u00edtico y soy el primero que sale a dar la cara. Sigo siendo el mismo de siempre, tratando de estar bien en el error y en el acierto, eso no va a cambiar la forma de prepararme y tratar de retomar el nivel individual y el del equipo]\u00bb, apunt\u00f3 sobre su autocr\u00edtica.<\/p>\n<h2><strong>Otras declaraciones<\/strong><\/h2>\n<p><strong>Renovaci\u00f3n:<\/strong> \u00abMi situaci\u00f3n es que tengo contrato hasta fin de temporada as\u00ed que muy enfocado, tratando de responder en la cancha. Si bien los \u00faltimos partidos no han sido de lo mejor, hay que tratar de sobreponerse a eso y este partido es una nueva oportunidad\u00bb.<\/p>\n<p><strong>Entrar a una copa:<\/strong> \u00abSabemos que estamos muy lejos. Hay que tratar de rescatar la mayor cantidad de puntos posibles, porque quedan bastante fechas todav\u00eda, esto es muy din\u00e1mica, ganas un par de partido y te pones a tiro de los que vienen peleando por otras copas\u00bb.\u00a0<\/p>\n<p><div class=\"youtube-embed\" data-video_id=\"4oSkpN2cPxY\"><iframe loading=\"lazy\" title=\"[EN VIVO] Ram\u00f3n Arias habla con la prensa en el CDA\" width=\"696\" height=\"392\" src=\"https:\/\/www.youtube.com\/embed\/4oSkpN2cPxY?feature=oembed&#038;enablejsapi=1\" frameborder=\"0\" allow=\"accelerometer; autoplay; clipboard-write; encrypted-media; gyroscope; picture-in-picture\" allowfullscreen><\/iframe><\/div><\/p>\n<p>\u00a0<\/p>\n<p>\u00a0<\/p>\n","protected":false},"excerpt":{"rendered":"<p>Ram\u00f3n Arias es uno de los pilares de la Universidad de Chile, la que viene bastante golpeada, luego de 4 partidos sin conocer de triunfos. Hoy en conferencia de prensa el uruguayo se\u00f1al\u00f3 que \u00abhay que salir a dar la cara y sobreponerse a la adversidad, y demostrar que somos un buen plantel, y ac\u00e1 [&#8230;]<\/p>\n","protected":false},"author":65,"featured_media":18519,"comment_status":"closed","ping_status":"open","sticky":false,"template":"","format":"standard","meta":{"footnotes":""},"categories":[18],"tags":[1682,294],"class_list":{"0":"post-18518","1":"post","2":"type-post","3":"status-publish","4":"format-standard","5":"has-post-thumbnail","7":"category-actualidad","8":"tag-ramon-arias","9":"tag-u-de-chile"},"_links":{"self":[{"href":"https:\/\/www.rincondelbulla.cl\/portal\/wp-json\/wp\/v2\/posts\/18518","targetHints":{"allow":["GET"]}}],"collection":[{"href":"https:\/\/www.rincondelbulla.cl\/portal\/wp-json\/wp\/v2\/posts"}],"about":[{"href":"https:\/\/www.rincondelbulla.cl\/portal\/wp-json\/wp\/v2\/types\/post"}],"author":[{"embeddable":true,"href":"https:\/\/www.rincondelbulla.cl\/portal\/wp-json\/wp\/v2\/users\/65"}],"replies":[{"embeddable":true,"href":"https:\/\/www.rincondelbulla.cl\/portal\/wp-json\/wp\/v2\/comments?post=18518"}],"version-history":[{"count":1,"href":"https:\/\/www.rincondelbulla.cl\/portal\/wp-json\/wp\/v2\/posts\/18518\/revisions"}],"predecessor-version":[{"id":18520,"href":"https:\/\/www.rincondelbulla.cl\/portal\/wp-json\/wp\/v2\/posts\/18518\/revisions\/18520"}],"wp:featuredmedia":[{"embeddable":true,"href":"https:\/\/www.rincondelbulla.cl\/portal\/wp-json\/wp\/v2\/media\/18519"}],"wp:attachment":[{"href":"https:\/\/www.rincondelbulla.cl\/portal\/wp-json\/wp\/v2\/media?parent=18518"}],"wp:term":[{"taxonomy":"category","embeddable":true,"href":"https:\/\/www.rincondelbulla.cl\/portal\/wp-json\/wp\/v2\/categories?post=18518"},{"taxonomy":"post_tag","embeddable":true,"href":"https:\/\/www.rincondelbulla.cl\/portal\/wp-json\/wp\/v2\/tags?post=18518"}],"curies":[{"name":"wp","href":"https:\/\/api.w.org\/{rel}","templated":true}]}}