{"id":18775,"date":"2022-01-06T15:30:42","date_gmt":"2022-01-06T18:30:42","guid":{"rendered":"http:\/\/www.rincondelbulla.cl\/portal\/?p=18775"},"modified":"2022-01-06T15:30:42","modified_gmt":"2022-01-06T18:30:42","slug":"jose-maria-carrasco-es-un-privilegio-llegar-a-una-institucion-tan-grande","status":"publish","type":"post","link":"https:\/\/www.rincondelbulla.cl\/portal\/2022\/01\/06\/jose-maria-carrasco-es-un-privilegio-llegar-a-una-institucion-tan-grande\/","title":{"rendered":"Jos\u00e9 Mar\u00eda Carrasco:  \u00abEs un privilegio llegar a una instituci\u00f3n tan grande\u00bb"},"content":{"rendered":"\n<p>Jos\u00e9 Mar\u00eda Carrasco fue presentado esta tarde como el nuevo defensor de la Universidad de Chile proveniente de Independiente del Valle de Ecuador.<\/p>\n<p>En sus primeras palabras como jugador del \u201cRom\u00e1ntico Viajero\u201d, Carrasco manifest\u00f3 que \u201c<strong>es un privilegio llegar a una instituci\u00f3n tan grande como lo es la \u201cU\u201d <\/strong>y agreg\u00f3 que es un desaf\u00edo personal y futbol\u00edstico que toma con mucha responsabilidad.<\/p>\n<p>\u201cTanto yo como el grupo que se est\u00e1 integrando, el cuerpo t\u00e9cnico y todas las personas de trabajo sentimos ese deseo y responsabilidad de llevar a la U al lugar que merece. <strong>El deseo de todos es llevar al equipo a lo m\u00e1s alto<\/strong>\u201d enfatiz\u00f3 el defensor boliviano.<\/p>\n<p>Respecto a la idea de juego de Santiago Escobar, Carrasco afirm\u00f3 que como defensor \u201casumo la responsabilidad de ser los primeros en tener una idea de juego, posesi\u00f3n y de darle posibilidades a todo el equipo\u201d.<\/p>\n<p>Sobre algunos cuestionamientos sobre su lesi\u00f3n que lo margin\u00f3 de las canchas durante la temporada pasada, el defensor asegur\u00f3 que <strong>\u201csi no estuviera preparado f\u00edsica y mentalmente, no estar\u00eda ac\u00e1. Yo decid\u00ed venir ac\u00e1 porque es un desaf\u00edo y para m\u00ed es una revancha\u201d.<\/strong><\/p>\n<p>Finalmente, Carrasco recalc\u00f3 que piensa en hacer una buena pretemporada, ya que, si hace bien las cosas en el club, \u201clas puertas de la selecci\u00f3n van a estar abiertas\u201d. Sin embargo, el boliviano insisti\u00f3 en que <strong>\u201cestoy enfocado totalmente en lo que es la \u201cU\u201d y mi adaptaci\u00f3n aqu\u00ed\u201d<\/strong>.<\/p>\n","protected":false},"excerpt":{"rendered":"<p>Jos\u00e9 Mar\u00eda Carrasco fue presentado esta tarde como el nuevo defensor de la Universidad de Chile proveniente de Independiente del Valle de Ecuador. En sus primeras palabras como jugador del \u201cRom\u00e1ntico Viajero\u201d, Carrasco manifest\u00f3 que \u201ces un privilegio llegar a una instituci\u00f3n tan grande como lo es la \u201cU\u201d y agreg\u00f3 que es un desaf\u00edo [&#8230;]<\/p>\n","protected":false},"author":21408,"featured_media":18773,"comment_status":"closed","ping_status":"open","sticky":false,"template":"","format":"standard","meta":{"footnotes":""},"categories":[18],"tags":[1843],"class_list":{"0":"post-18775","1":"post","2":"type-post","3":"status-publish","4":"format-standard","5":"has-post-thumbnail","7":"category-actualidad","8":"tag-jose-maria-carrasco"},"_links":{"self":[{"href":"https:\/\/www.rincondelbulla.cl\/portal\/wp-json\/wp\/v2\/posts\/18775","targetHints":{"allow":["GET"]}}],"collection":[{"href":"https:\/\/www.rincondelbulla.cl\/portal\/wp-json\/wp\/v2\/posts"}],"about":[{"href":"https:\/\/www.rincondelbulla.cl\/portal\/wp-json\/wp\/v2\/types\/post"}],"author":[{"embeddable":true,"href":"https:\/\/www.rincondelbulla.cl\/portal\/wp-json\/wp\/v2\/users\/21408"}],"replies":[{"embeddable":true,"href":"https:\/\/www.rincondelbulla.cl\/portal\/wp-json\/wp\/v2\/comments?post=18775"}],"version-history":[{"count":1,"href":"https:\/\/www.rincondelbulla.cl\/portal\/wp-json\/wp\/v2\/posts\/18775\/revisions"}],"predecessor-version":[{"id":18776,"href":"https:\/\/www.rincondelbulla.cl\/portal\/wp-json\/wp\/v2\/posts\/18775\/revisions\/18776"}],"wp:featuredmedia":[{"embeddable":true,"href":"https:\/\/www.rincondelbulla.cl\/portal\/wp-json\/wp\/v2\/media\/18773"}],"wp:attachment":[{"href":"https:\/\/www.rincondelbulla.cl\/portal\/wp-json\/wp\/v2\/media?parent=18775"}],"wp:term":[{"taxonomy":"category","embeddable":true,"href":"https:\/\/www.rincondelbulla.cl\/portal\/wp-json\/wp\/v2\/categories?post=18775"},{"taxonomy":"post_tag","embeddable":true,"href":"https:\/\/www.rincondelbulla.cl\/portal\/wp-json\/wp\/v2\/tags?post=18775"}],"curies":[{"name":"wp","href":"https:\/\/api.w.org\/{rel}","templated":true}]}}