{"id":18784,"date":"2022-01-11T14:10:02","date_gmt":"2022-01-11T17:10:02","guid":{"rendered":"http:\/\/www.rincondelbulla.cl\/portal\/?p=18784"},"modified":"2022-01-11T14:11:00","modified_gmt":"2022-01-11T17:11:00","slug":"cristian-palacios-a-medida-que-pasen-los-partidos-se-vera-para-que-esta-el-equipo","status":"publish","type":"post","link":"https:\/\/www.rincondelbulla.cl\/portal\/2022\/01\/11\/cristian-palacios-a-medida-que-pasen-los-partidos-se-vera-para-que-esta-el-equipo\/","title":{"rendered":"Cristian Palacios: \u00abA medida que pasen los partidos se ver\u00e1 para qu\u00e9 est\u00e1 el equipo\u00bb"},"content":{"rendered":"\n<p>La conformaci\u00f3n del plantel sigue su camino, hoy fue el turno de Cristian Palacios de ser presentado, donde expres\u00f3 que vierne a ser un aporte a la Universidad de Chile.<\/p>\n<p>\u00abVengo a aportar mi granito de arena, s\u00e9 muy bien dodne estoy y lo que significa, uno va a tratar de esforzarse y entregarse al cien por esta camiseta\u00bb, se\u00f1al\u00f3 de entrada el \u00abChorri\u00bb.<\/p>\n<p>El delanter\u00f3 apunt\u00f3 sobre el colectivo que \u00abel equipo se est\u00e1 conformando, conociendo, es la segunda semana de entrenamioento, a medida que pasen los d\u00edas el equipo tomar\u00e1 la forma que quiere el entrenador. A medida que pasen los partidos se ver\u00e1 para qu\u00e9 est\u00e1 el equipo\u00bb.<\/p>\n<p>El uruguayo tambi\u00e9n tuvo palabras para el partido del viernes, su primer Supercl\u00e1sico. \u00abNos estamos preparando, va a ser el primer partido de la pretemporada, sabemos a qui\u00e9n nos enfrentamos, vamos a prepararnos de la mejor manera, vamos a tratar de hacer lo y dar lo mejor de nosotros en ese partido. Es el primero, tampoco va a salir todo al cien, pero trataremos de dar buena imagen y tratar de adaptarnos a lo que pide el entrenador\u00bb, apunt\u00f3.<\/p>\n<p>\u00abUno trata de adaptarse al juego del entrenador, me ha tocado jugar solo de 9, con otro 9, con enganche, mediapunta. Uno como profesional tiene quedar el cien en la posici\u00f3n que te toque jugar. Siempre estoy preparado para la planificaci\u00f3n que pida el entrenador\u00bb, remat\u00f3 Palacios sobre su estilo de juego.<\/p>\n<p><div class=\"youtube-embed\" data-video_id=\"57_j0EwTkkU\"><iframe loading=\"lazy\" title=\"[11 de enero] Presentaci\u00f3n de Cristian &quot;Chorri&quot; Palacios en el Centro Deportivo Azul\" width=\"696\" height=\"392\" src=\"https:\/\/www.youtube.com\/embed\/57_j0EwTkkU?feature=oembed&#038;enablejsapi=1\" frameborder=\"0\" allow=\"accelerometer; autoplay; clipboard-write; encrypted-media; gyroscope; picture-in-picture\" allowfullscreen><\/iframe><\/div><\/p>\n<p>\u00a0<\/p>\n<p>\u00a0<\/p>\n","protected":false},"excerpt":{"rendered":"<p>La conformaci\u00f3n del plantel sigue su camino, hoy fue el turno de Cristian Palacios de ser presentado, donde expres\u00f3 que vierne a ser un aporte a la Universidad de Chile. \u00abVengo a aportar mi granito de arena, s\u00e9 muy bien dodne estoy y lo que significa, uno va a tratar de esforzarse y entregarse al [&#8230;]<\/p>\n","protected":false},"author":65,"featured_media":18785,"comment_status":"closed","ping_status":"open","sticky":false,"template":"","format":"standard","meta":{"footnotes":""},"categories":[18],"tags":[1844,1764,294],"class_list":{"0":"post-18784","1":"post","2":"type-post","3":"status-publish","4":"format-standard","5":"has-post-thumbnail","7":"category-actualidad","8":"tag-cristian-palacios","9":"tag-luis-roggiero","10":"tag-u-de-chile"},"_links":{"self":[{"href":"https:\/\/www.rincondelbulla.cl\/portal\/wp-json\/wp\/v2\/posts\/18784","targetHints":{"allow":["GET"]}}],"collection":[{"href":"https:\/\/www.rincondelbulla.cl\/portal\/wp-json\/wp\/v2\/posts"}],"about":[{"href":"https:\/\/www.rincondelbulla.cl\/portal\/wp-json\/wp\/v2\/types\/post"}],"author":[{"embeddable":true,"href":"https:\/\/www.rincondelbulla.cl\/portal\/wp-json\/wp\/v2\/users\/65"}],"replies":[{"embeddable":true,"href":"https:\/\/www.rincondelbulla.cl\/portal\/wp-json\/wp\/v2\/comments?post=18784"}],"version-history":[{"count":1,"href":"https:\/\/www.rincondelbulla.cl\/portal\/wp-json\/wp\/v2\/posts\/18784\/revisions"}],"predecessor-version":[{"id":18786,"href":"https:\/\/www.rincondelbulla.cl\/portal\/wp-json\/wp\/v2\/posts\/18784\/revisions\/18786"}],"wp:featuredmedia":[{"embeddable":true,"href":"https:\/\/www.rincondelbulla.cl\/portal\/wp-json\/wp\/v2\/media\/18785"}],"wp:attachment":[{"href":"https:\/\/www.rincondelbulla.cl\/portal\/wp-json\/wp\/v2\/media?parent=18784"}],"wp:term":[{"taxonomy":"category","embeddable":true,"href":"https:\/\/www.rincondelbulla.cl\/portal\/wp-json\/wp\/v2\/categories?post=18784"},{"taxonomy":"post_tag","embeddable":true,"href":"https:\/\/www.rincondelbulla.cl\/portal\/wp-json\/wp\/v2\/tags?post=18784"}],"curies":[{"name":"wp","href":"https:\/\/api.w.org\/{rel}","templated":true}]}}