{"id":18820,"date":"2022-01-28T22:00:34","date_gmt":"2022-01-29T01:00:34","guid":{"rendered":"http:\/\/www.rincondelbulla.cl\/portal\/?p=18820"},"modified":"2022-01-28T22:03:14","modified_gmt":"2022-01-29T01:03:14","slug":"dos-casos-positivos-de-covid-en-el-plantel-de-la-u","status":"publish","type":"post","link":"https:\/\/www.rincondelbulla.cl\/portal\/2022\/01\/28\/dos-casos-positivos-de-covid-en-el-plantel-de-la-u\/","title":{"rendered":"Dos casos positivos de Covid en el plantel de la \u00abU\u00bb"},"content":{"rendered":"\n<p>Luego de los testeos ma\u00f1aneros de este viernes en el Centro Deportivo Azul, dos jugadores del plantel profesional masculino dieron positivo para Covid-19.<\/p>\n<p>Ambos casos confirmados por test PCR han sido aislados y se mantienen con comunicaci\u00f3n con el \u00e1rea m\u00e9dica para monitorear posibles s\u00edntomas.<\/p>\n<p>Adem\u00e1s, otro integrante del plantel fue aislado de forma preventiva a la espera de un nuevo PCR al que ser\u00e1 sometido en los pr\u00f3ximos d\u00edas.<\/p>\n","protected":false},"excerpt":{"rendered":"<p>Luego de los testeos ma\u00f1aneros de este viernes en el Centro Deportivo Azul, dos jugadores del plantel profesional masculino dieron positivo para Covid-19. Ambos casos confirmados por test PCR han sido aislados y se mantienen con comunicaci\u00f3n con el \u00e1rea m\u00e9dica para monitorear posibles s\u00edntomas. Adem\u00e1s, otro integrante del plantel fue aislado de forma preventiva [&#8230;]<\/p>\n","protected":false},"author":65,"featured_media":17901,"comment_status":"closed","ping_status":"open","sticky":false,"template":"","format":"standard","meta":{"footnotes":""},"categories":[18],"tags":[1689,294],"class_list":{"0":"post-18820","1":"post","2":"type-post","3":"status-publish","4":"format-standard","5":"has-post-thumbnail","7":"category-actualidad","8":"tag-covid","9":"tag-u-de-chile"},"_links":{"self":[{"href":"https:\/\/www.rincondelbulla.cl\/portal\/wp-json\/wp\/v2\/posts\/18820","targetHints":{"allow":["GET"]}}],"collection":[{"href":"https:\/\/www.rincondelbulla.cl\/portal\/wp-json\/wp\/v2\/posts"}],"about":[{"href":"https:\/\/www.rincondelbulla.cl\/portal\/wp-json\/wp\/v2\/types\/post"}],"author":[{"embeddable":true,"href":"https:\/\/www.rincondelbulla.cl\/portal\/wp-json\/wp\/v2\/users\/65"}],"replies":[{"embeddable":true,"href":"https:\/\/www.rincondelbulla.cl\/portal\/wp-json\/wp\/v2\/comments?post=18820"}],"version-history":[{"count":2,"href":"https:\/\/www.rincondelbulla.cl\/portal\/wp-json\/wp\/v2\/posts\/18820\/revisions"}],"predecessor-version":[{"id":18822,"href":"https:\/\/www.rincondelbulla.cl\/portal\/wp-json\/wp\/v2\/posts\/18820\/revisions\/18822"}],"wp:featuredmedia":[{"embeddable":true,"href":"https:\/\/www.rincondelbulla.cl\/portal\/wp-json\/wp\/v2\/media\/17901"}],"wp:attachment":[{"href":"https:\/\/www.rincondelbulla.cl\/portal\/wp-json\/wp\/v2\/media?parent=18820"}],"wp:term":[{"taxonomy":"category","embeddable":true,"href":"https:\/\/www.rincondelbulla.cl\/portal\/wp-json\/wp\/v2\/categories?post=18820"},{"taxonomy":"post_tag","embeddable":true,"href":"https:\/\/www.rincondelbulla.cl\/portal\/wp-json\/wp\/v2\/tags?post=18820"}],"curies":[{"name":"wp","href":"https:\/\/api.w.org\/{rel}","templated":true}]}}